{"id":1589,"date":"2026-02-17T11:27:35","date_gmt":"2026-02-17T10:27:35","guid":{"rendered":"https:\/\/semaine-federale.ffvelo.fr\/2026\/?p=1589"},"modified":"2026-02-17T10:13:32","modified_gmt":"2026-02-17T09:13:32","slug":"paul-de-vivie-la-naissance-du-cyclotourisme","status":"publish","type":"post","link":"https:\/\/semaine-federale.ffvelo.fr\/2026\/blog\/le-saviez-vous\/paul-de-vivie-la-naissance-du-cyclotourisme\/","title":{"rendered":"Paul de Vivie, la naissance du cyclotourisme"},"content":{"rendered":"\n<div class=\"wp-block-cover alignfull is-light wp-elements-1b8461ee4e0d703ce197492c89621c16\" style=\"margin-bottom:var(--wp--preset--spacing--50);padding-top:var(--wp--preset--spacing--70);padding-bottom:var(--wp--preset--spacing--70)\"><span aria-hidden=\"true\" class=\"wp-block-cover__background has-beige-background-color has-background-dim-60 has-background-dim\"><\/span><img loading=\"lazy\" decoding=\"async\" width=\"2560\" height=\"1709\" src=\"https:\/\/semaine-federale.ffvelo.fr\/2026\/wp-content\/uploads\/sites\/3\/2026\/02\/vecteezy_classic-bike-parts-picture-a-specific-part_7138290-2-scaled.jpg\" class=\"wp-block-cover__image-background wp-post-image\" alt=\"\" data-object-fit=\"cover\" data-object-position=\"50% 30%\" style=\"object-position:50% 30%;\" srcset=\"https:\/\/semaine-federale.ffvelo.fr\/2026\/wp-content\/uploads\/sites\/3\/2026\/02\/vecteezy_classic-bike-parts-picture-a-specific-part_7138290-2-scaled.jpg 2560w, https:\/\/semaine-federale.ffvelo.fr\/2026\/wp-content\/uploads\/sites\/3\/2026\/02\/vecteezy_classic-bike-parts-picture-a-specific-part_7138290-2-300x200.jpg 300w, https:\/\/semaine-federale.ffvelo.fr\/2026\/wp-content\/uploads\/sites\/3\/2026\/02\/vecteezy_classic-bike-parts-picture-a-specific-part_7138290-2-1024x683.jpg 1024w, https:\/\/semaine-federale.ffvelo.fr\/2026\/wp-content\/uploads\/sites\/3\/2026\/02\/vecteezy_classic-bike-parts-picture-a-specific-part_7138290-2-768x513.jpg 768w, https:\/\/semaine-federale.ffvelo.fr\/2026\/wp-content\/uploads\/sites\/3\/2026\/02\/vecteezy_classic-bike-parts-picture-a-specific-part_7138290-2-1536x1025.jpg 1536w, https:\/\/semaine-federale.ffvelo.fr\/2026\/wp-content\/uploads\/sites\/3\/2026\/02\/vecteezy_classic-bike-parts-picture-a-specific-part_7138290-2-2048x1367.jpg 2048w\" sizes=\"auto, (max-width: 2560px) 100vw, 2560px\" \/><div class=\"wp-block-cover__inner-container has-global-padding is-layout-constrained wp-block-cover-is-layout-constrained\">\n<div class=\"wp-block-group has-global-padding is-content-justification-left is-layout-constrained wp-container-core-group-is-layout-12dd3699 wp-block-group-is-layout-constrained\"><h1 class=\"has-text-align-center wp-block-post-title\">Paul de Vivie, la naissance du cyclotourisme<\/h1><\/div>\n<\/div><\/div>\n\n\n\n<p>Plus connu sous le nom de <strong>Velocio, le fran\u00e7ais Paul de Vivie <\/strong>est en effet \u00e0 l&rsquo;origine de la conceptualisation du voyage \u00e0 v\u00e9lo. Et \u00e7a ne date pas d&rsquo;hier, il est <strong>\u00e0 l&rsquo;origine de l&rsquo;appellation \u00ab\u00a0cyclotourisme\u00a0\u00bb en 1888<\/strong>. Pour partager sa passion il fonde tr\u00e8s trop la fameuse revue \u00ab\u00a0Le cycliste\u00a0\u00bb (1886-1973).<\/p>\n\n\n\n<p>&nbsp;L&rsquo;esprit du cyclotourisme qu&rsquo;il portait est rest\u00e9 et r\u00e9git toujours et encore celui qui nous anime aujourd&rsquo;hui, <strong>un art de vivre \u00e0 part enti\u00e8re<\/strong> au del\u00e0 du simple voyage \u00e0 v\u00e9lo. <\/p>\n\n\n\n<p>D\u00e8s 1881, il se prend de passion pour la petite reine, jusqu&rsquo;\u00e0 cr\u00e9er une <strong>manufacture de cycles, \u00ab\u00a0La Gauloise\u00a0\u00bb, sur Saint-Etienne<\/strong>, et travaille sur l&rsquo;\u00e9volution de sa monture pr\u00e9f\u00e9r\u00e9e. Qui sait que nous lui devons les <strong>moyeux d\u00e9tachables, le p\u00e9dalier, le changement de vitesse, le d\u00e9railleur<\/strong>&#8230; ? Ce fameux d\u00e9railleur que les coureurs du Tour de France de l&rsquo;\u00e9poque ont longtemps refus\u00e9 d&rsquo;utiliser, le jugeant \u00ab\u00a0bon pour les invalides et les femmes\u00a0\u00bb.<\/p>\n\n\n\n<p>Pratiquant averti, on lui pr\u00eate de tr\u00e8s longues sorties, fait rare \u00e0 l&rsquo;\u00e9poque, allant jusqu&rsquo;\u00e0 effectuer des \u00e9tapes de 40 heures, et un kilom\u00e9trage annuel de 20 000 kilom\u00e8tres. Un exploit en soi sur les machines de l&rsquo;\u00e9poque. Il est \u00e9galement \u00e0 l&rsquo;origine de parcours qui lui ont surv\u00e9cu, comme les Diagonales de France (1930). Merci qui ? Merci Velocio !  <\/p>\n\n\n\n<p><\/p>\n","protected":false},"excerpt":{"rendered":"<p>Plus connu sous le nom de Velocio, le fran\u00e7ais Paul de Vivie est en effet \u00e0 l&rsquo;origine de la conceptualisation du voyage \u00e0 v\u00e9lo. Et \u00e7a ne date pas d&rsquo;hier, il est \u00e0 l&rsquo;origine de l&rsquo;appellation \u00ab\u00a0cyclotourisme\u00a0\u00bb en 1888. Pour partager sa passion il fonde tr\u00e8s trop la fameuse revue \u00ab\u00a0Le cycliste\u00a0\u00bb (1886-1973). &nbsp;L&rsquo;esprit du [&hellip;]<\/p>\n","protected":false},"author":3,"featured_media":1604,"comment_status":"open","ping_status":"open","sticky":false,"template":"","format":"standard","meta":{"slim_seo":{"title":"Paul de Vivie, la naissance du cyclotourisme - Semaine F\u00e9d\u00e9rale Cyclotourisme 2026 - Ch\u00e2teau-Gontier sur Mayenne","description":"Plus connu sous le nom de Velocio, le fran\u00e7ais Paul de Vivie est en effet \u00e0 l'origine de la conceptualisation du voyage \u00e0 v\u00e9lo. Et \u00e7a ne date pas d'hier, il est"},"footnotes":""},"categories":[62],"tags":[],"class_list":["post-1589","post","type-post","status-publish","format-standard","has-post-thumbnail","hentry","category-le-saviez-vous"],"_links":{"self":[{"href":"https:\/\/semaine-federale.ffvelo.fr\/2026\/wp-json\/wp\/v2\/posts\/1589","targetHints":{"allow":["GET"]}}],"collection":[{"href":"https:\/\/semaine-federale.ffvelo.fr\/2026\/wp-json\/wp\/v2\/posts"}],"about":[{"href":"https:\/\/semaine-federale.ffvelo.fr\/2026\/wp-json\/wp\/v2\/types\/post"}],"author":[{"embeddable":true,"href":"https:\/\/semaine-federale.ffvelo.fr\/2026\/wp-json\/wp\/v2\/users\/3"}],"replies":[{"embeddable":true,"href":"https:\/\/semaine-federale.ffvelo.fr\/2026\/wp-json\/wp\/v2\/comments?post=1589"}],"version-history":[{"count":6,"href":"https:\/\/semaine-federale.ffvelo.fr\/2026\/wp-json\/wp\/v2\/posts\/1589\/revisions"}],"predecessor-version":[{"id":1634,"href":"https:\/\/semaine-federale.ffvelo.fr\/2026\/wp-json\/wp\/v2\/posts\/1589\/revisions\/1634"}],"wp:featuredmedia":[{"embeddable":true,"href":"https:\/\/semaine-federale.ffvelo.fr\/2026\/wp-json\/wp\/v2\/media\/1604"}],"wp:attachment":[{"href":"https:\/\/semaine-federale.ffvelo.fr\/2026\/wp-json\/wp\/v2\/media?parent=1589"}],"wp:term":[{"taxonomy":"category","embeddable":true,"href":"https:\/\/semaine-federale.ffvelo.fr\/2026\/wp-json\/wp\/v2\/categories?post=1589"},{"taxonomy":"post_tag","embeddable":true,"href":"https:\/\/semaine-federale.ffvelo.fr\/2026\/wp-json\/wp\/v2\/tags?post=1589"}],"curies":[{"name":"wp","href":"https:\/\/api.w.org\/{rel}","templated":true}]}}