{"id":1670,"date":"2026-02-22T13:16:24","date_gmt":"2026-02-22T12:16:24","guid":{"rendered":"https:\/\/semaine-federale.ffvelo.fr\/2026\/?p=1670"},"modified":"2026-02-24T11:26:16","modified_gmt":"2026-02-24T10:26:16","slug":"inscriptions-le-bureau-des-possibles","status":"publish","type":"post","link":"https:\/\/semaine-federale.ffvelo.fr\/2026\/blog\/portraits\/inscriptions-le-bureau-des-possibles\/","title":{"rendered":"Inscriptions, le bureau des possibles"},"content":{"rendered":"\n<div class=\"wp-block-cover aligncenter is-light wp-elements-1cd9c94779d21ceddf903335269e3175\" style=\"margin-bottom:var(--wp--preset--spacing--50);padding-top:var(--wp--preset--spacing--70);padding-bottom:var(--wp--preset--spacing--70)\"><img loading=\"lazy\" decoding=\"async\" width=\"1024\" height=\"768\" class=\"wp-block-cover__image-background wp-image-1671 size-large\" alt=\"\" src=\"https:\/\/semaine-federale.ffvelo.fr\/2026\/wp-content\/uploads\/sites\/3\/2026\/02\/20260216_121137-1024x768.jpg\" style=\"object-position:48% 26%\" data-object-fit=\"cover\" data-object-position=\"48% 26%\" srcset=\"https:\/\/semaine-federale.ffvelo.fr\/2026\/wp-content\/uploads\/sites\/3\/2026\/02\/20260216_121137-1024x768.jpg 1024w, https:\/\/semaine-federale.ffvelo.fr\/2026\/wp-content\/uploads\/sites\/3\/2026\/02\/20260216_121137-300x225.jpg 300w, https:\/\/semaine-federale.ffvelo.fr\/2026\/wp-content\/uploads\/sites\/3\/2026\/02\/20260216_121137-768x576.jpg 768w, https:\/\/semaine-federale.ffvelo.fr\/2026\/wp-content\/uploads\/sites\/3\/2026\/02\/20260216_121137-1536x1152.jpg 1536w, https:\/\/semaine-federale.ffvelo.fr\/2026\/wp-content\/uploads\/sites\/3\/2026\/02\/20260216_121137-2048x1536.jpg 2048w\" sizes=\"auto, (max-width: 1024px) 100vw, 1024px\" \/><span aria-hidden=\"true\" class=\"wp-block-cover__background has-beige-background-color has-background-dim-60 has-background-dim\"><\/span><div class=\"wp-block-cover__inner-container has-global-padding is-layout-constrained wp-block-cover-is-layout-constrained\">\n<div class=\"wp-block-group has-global-padding is-content-justification-left is-layout-constrained wp-container-core-group-is-layout-12dd3699 wp-block-group-is-layout-constrained\"><h1 class=\"has-text-align-center wp-block-post-title\">Inscriptions, le bureau des possibles<\/h1><\/div>\n<\/div><\/div>\n\n\n\n<p>Le bureau des possibles&nbsp;: l\u00e0 o\u00f9 commence l\u2019aventure du festival de cyclotourisme. <strong>Bienvenue dans l\u2019\u00e9quipe \u00ab&nbsp;Inscriptions&nbsp;\u00bb&nbsp;!<\/strong><\/p>\n\n\n\n<p>\u00c0 Ch\u00e2teau-Gontier-sur-Mayenne, pendant que les cyclistes peaufinent leurs mollets pour le Festival international de cyclotourisme&nbsp;(2 au 9&nbsp;ao\u00fbt), cinq b\u00e9n\u00e9voles p\u00e9dalent d\u00e9j\u00e0\u2026 sur leurs claviers. Dans leur open space \u00e0 l\u2019ambiance chaleureuse, elles ont franchi le cap des 2&nbsp;200&nbsp;inscriptions. Et l\u2019aventure ne fait que commencer.<\/p>\n\n\n\n<p>Le p\u00f4le inscription du festival international du cyclotourisme rentre dans sa quatri\u00e8me semaine de fonctionnement, le cap des 2&nbsp;200&nbsp;inscriptions vient d\u2019\u00eatre d\u00e9pass\u00e9&nbsp;: De gauche \u00e0 droite&nbsp;; Marielle Planchenault-Michel, Lydie Lebreton, Maryvonne Grimaux, Bernadette Barrais, Bernadette Barrais et R\u00e9gine Ferron<\/p>\n\n\n\n<p><strong>Un open space version \u00ab&nbsp;peloton solidaire&nbsp;\u00bb<\/strong><\/p>\n\n\n\n<p><strong>\ufeff<\/strong>Ici, pas de ligne d\u2019arriv\u00e9e, mais des \u00e9crans, des t\u00e9l\u00e9phones, des dossiers et du caf\u00e9 partag\u00e9. C\u2019est dans une ambiance conviviale et studieuse que les cinq b\u00e9n\u00e9voles du p\u00f4le inscriptions se retrouvent chaque matin. \u00ab&nbsp;On travaille s\u00e9rieusement, mais on rigole bien aussi&nbsp;!&nbsp;\u00bb, glisse l\u2019une d\u2019elles.&nbsp;Si, pour une partie de l\u2019\u00e9quipe, le cyclotourisme n\u2019est pas une d\u00e9couverte, Bernadette Barrais et Marielle Planchenault-Michel sont, elles, toutes nouvelles dans le peloton mayennais. \u00ab&nbsp;Je suis arriv\u00e9e r\u00e9cemment \u00e0 Ch\u00e2teau-Gontier, je d\u00e9couvre. Je ne connaissais pas du tout la Semaine internationale&nbsp;! Je suis tr\u00e8s surprise de l\u2019ampleur de l\u2019\u00e9v\u00e9nement&nbsp;!&nbsp;\u00bb<\/p>\n\n\n\n<p><strong>Pour Maryvonne Grimaud, c\u2019est un peu comme passer de l\u2019autre c\u00f4t\u00e9 du d\u00e9cor.<\/strong><\/p>\n\n\n\n<p>\u00ab&nbsp;Voil\u00e0 plus de 25&nbsp;ans que je participe aux Semaines internationales. Mais je voulais voir ce que \u00e7a faisait de vivre \u00e7a de l\u2019int\u00e9rieur. Eh bien\u2026 \u00c7a roule&nbsp;!&nbsp;\u00bb<\/p>\n\n\n\n<p>Les chiffres donnent le sourire&nbsp;: plus de 2&nbsp;200&nbsp;participants sont d\u00e9j\u00e0 enregistr\u00e9s. \u00ab&nbsp;C\u2019est une excellente nouvelle, nous sommes en avance sur les chiffres habituels&nbsp;\u00bb, se r\u00e9jouissent-elles presque en ch\u0153ur.&nbsp;Autre satisfaction&nbsp;: \u00ab&nbsp;Nous avons beaucoup de licenci\u00e9s qui viennent pour la premi\u00e8re fois. Ils vont d\u00e9couvrir la richesse de cette semaine, dans une ambiance festive et conviviale.&nbsp;\u00bb<\/p>\n\n\n\n<p><strong>Traductions, toutous et tableurs<\/strong><\/p>\n\n\n\n<p>Leur quotidien n\u2019a rien d\u2019un long fleuve tranquille&nbsp;: inscriptions en ligne \u00e0 valider, anomalies \u00e0 traquer. \u00ab&nbsp;Cela nous permet de proposer une semaine s\u00e9curis\u00e9e, sans mauvaises surprises&nbsp;\u00bb Chaque semaine, pr\u00e8s de 250&nbsp;courriels atterrissent dans la bo\u00eete mail. Une b\u00e9n\u00e9vole y est d\u00e9di\u00e9e. \u00ab&nbsp;On traite des demandes tr\u00e8s vari\u00e9es&nbsp;: la proximit\u00e9 avec tel groupe, tel lieu\u2026 Et m\u00eame les animaux de compagnie&nbsp;!&nbsp;\u00bb<\/p>\n\n\n\n<p>Et comme le festival attire \u00e0 l\u2019international, les langues se croisent. \u00ab&nbsp;Heureusement, avec les outils de traduction, la barri\u00e8re de la langue n\u2019en est plus une.&nbsp;\u00bb<\/p>\n\n\n\n<p>Du lundi au vendredi, de 9&nbsp;h \u00e0 12&nbsp;h et de 14&nbsp;h \u00e0 17&nbsp;h, elles se relaient, deux \u00e0 trois en permanence, planning valid\u00e9 chaque lundi matin.<\/p>\n\n\n\n<p>Dans ce bureau mayennais, on ne p\u00e9dale pas encore sur les routes\u2026 mais l\u2019esprit du festival souffle d\u00e9j\u00e0. Et, \u00e0 voir leurs sourires, la f\u00eate a commenc\u00e9 bien avant le coup d\u2019envoi.<\/p>\n\n\n\n<p><\/p>\n","protected":false},"excerpt":{"rendered":"<p>Le bureau des possibles&nbsp;: l\u00e0 o\u00f9 commence l\u2019aventure du festival de cyclotourisme. Bienvenue dans l\u2019\u00e9quipe \u00ab&nbsp;Inscriptions&nbsp;\u00bb&nbsp;! \u00c0 Ch\u00e2teau-Gontier-sur-Mayenne, pendant que les cyclistes peaufinent leurs mollets pour le Festival international de cyclotourisme&nbsp;(2 au 9&nbsp;ao\u00fbt), cinq b\u00e9n\u00e9voles p\u00e9dalent d\u00e9j\u00e0\u2026 sur leurs claviers. Dans leur open space \u00e0 l\u2019ambiance chaleureuse, elles ont franchi le cap des 2&nbsp;200&nbsp;inscriptions. Et [&hellip;]<\/p>\n","protected":false},"author":3,"featured_media":1671,"comment_status":"open","ping_status":"open","sticky":false,"template":"","format":"standard","meta":{"slim_seo":{"title":"Portraits Semaine F\u00e9d\u00e9rale 2026","description":"Le bureau des possibles&nbsp;: l\u00e0 o\u00f9 commence l\u2019aventure du festival de cyclotourisme. Bienvenue dans l\u2019\u00e9quipe \u00ab&nbsp;Inscriptions&nbsp;\u00bb&nbsp;! \u00c0 Ch\u00e2teau-Gonti"},"footnotes":""},"categories":[63],"tags":[],"class_list":["post-1670","post","type-post","status-publish","format-standard","has-post-thumbnail","hentry","category-portraits"],"_links":{"self":[{"href":"https:\/\/semaine-federale.ffvelo.fr\/2026\/wp-json\/wp\/v2\/posts\/1670","targetHints":{"allow":["GET"]}}],"collection":[{"href":"https:\/\/semaine-federale.ffvelo.fr\/2026\/wp-json\/wp\/v2\/posts"}],"about":[{"href":"https:\/\/semaine-federale.ffvelo.fr\/2026\/wp-json\/wp\/v2\/types\/post"}],"author":[{"embeddable":true,"href":"https:\/\/semaine-federale.ffvelo.fr\/2026\/wp-json\/wp\/v2\/users\/3"}],"replies":[{"embeddable":true,"href":"https:\/\/semaine-federale.ffvelo.fr\/2026\/wp-json\/wp\/v2\/comments?post=1670"}],"version-history":[{"count":3,"href":"https:\/\/semaine-federale.ffvelo.fr\/2026\/wp-json\/wp\/v2\/posts\/1670\/revisions"}],"predecessor-version":[{"id":1675,"href":"https:\/\/semaine-federale.ffvelo.fr\/2026\/wp-json\/wp\/v2\/posts\/1670\/revisions\/1675"}],"wp:featuredmedia":[{"embeddable":true,"href":"https:\/\/semaine-federale.ffvelo.fr\/2026\/wp-json\/wp\/v2\/media\/1671"}],"wp:attachment":[{"href":"https:\/\/semaine-federale.ffvelo.fr\/2026\/wp-json\/wp\/v2\/media?parent=1670"}],"wp:term":[{"taxonomy":"category","embeddable":true,"href":"https:\/\/semaine-federale.ffvelo.fr\/2026\/wp-json\/wp\/v2\/categories?post=1670"},{"taxonomy":"post_tag","embeddable":true,"href":"https:\/\/semaine-federale.ffvelo.fr\/2026\/wp-json\/wp\/v2\/tags?post=1670"}],"curies":[{"name":"wp","href":"https:\/\/api.w.org\/{rel}","templated":true}]}}