{"id":1676,"date":"2026-02-25T13:33:47","date_gmt":"2026-02-25T12:33:47","guid":{"rendered":"https:\/\/semaine-federale.ffvelo.fr\/2026\/?p=1676"},"modified":"2026-03-31T09:22:10","modified_gmt":"2026-03-31T07:22:10","slug":"le-pommeau-du-maine-laperitif-des-vergers","status":"publish","type":"post","link":"https:\/\/semaine-federale.ffvelo.fr\/2026\/blog\/gastronomie\/le-pommeau-du-maine-laperitif-des-vergers\/","title":{"rendered":"Le pommeau du Maine, l&rsquo;ap\u00e9ritif des vergers"},"content":{"rendered":"\n<div class=\"wp-block-cover alignfull is-light has-parallax wp-elements-ecdf0e851d933276859bf075fcfc7802\" style=\"margin-bottom:var(--wp--preset--spacing--50);padding-top:var(--wp--preset--spacing--70);padding-bottom:var(--wp--preset--spacing--70)\"><div class=\"wp-block-cover__image-background wp-image-1684 size-full has-parallax\" style=\"background-position:50% 50%;background-image:url(https:\/\/semaine-federale.ffvelo.fr\/2026\/wp-content\/uploads\/sites\/3\/2026\/02\/pommeau-scaled.jpeg)\"><\/div><span aria-hidden=\"true\" class=\"wp-block-cover__background has-beige-background-color has-background-dim-60 has-background-dim\"><\/span><div class=\"wp-block-cover__inner-container has-global-padding is-layout-constrained wp-block-cover-is-layout-constrained\">\n<div class=\"wp-block-group has-global-padding is-content-justification-left is-layout-constrained wp-container-core-group-is-layout-12dd3699 wp-block-group-is-layout-constrained\"><h1 class=\"has-text-align-center wp-block-post-title\">Le pommeau du Maine, l&rsquo;ap\u00e9ritif des vergers<\/h1><\/div>\n<\/div><\/div>\n\n\n\n<p><strong>Le Pommeau du Maine<\/strong> <strong>: l\u2019ap\u00e9ritif des vergers<\/strong><\/p>\n\n\n\n<p>Envie d\u2019une pause qui sent bon les pommiers ? Le <strong>Pommeau du Maine, reconnu AOC depuis 2009<\/strong>, raconte \u00e0 lui seul l\u2019histoire des vergers mayennais. N\u00e9 de la rencontre entre jus de pomme fra\u00eechement press\u00e9 et fine du Maine, il offre une palette aromatique douce et fruit\u00e9e, aux notes de pomme m\u00fbre et de caramel d\u00e9licat.<\/p>\n\n\n\n<p>Servi frais, avec mod\u00e9ration, il accompagne parfaitement fromages et sp\u00e9cialit\u00e9s locales. Pour le cyclotouriste, c\u2019est plus qu\u2019un ap\u00e9ritif : c\u2019est une parenth\u00e8se.<br>Un instant suspendu entre nature, patrimoine et convivialit\u00e9.<br>Le go\u00fbt authentique d\u2019une Mayenne qui se d\u00e9couvre\u2026 et qui se d\u00e9guste.<\/p>\n\n\n\n<p><\/p>\n","protected":false},"excerpt":{"rendered":"<p>Le Pommeau du Maine : l\u2019ap\u00e9ritif des vergers Envie d\u2019une pause qui sent bon les pommiers ? Le Pommeau du Maine, reconnu AOC depuis 2009, raconte \u00e0 lui seul l\u2019histoire des vergers mayennais. N\u00e9 de la rencontre entre jus de pomme fra\u00eechement press\u00e9 et fine du Maine, il offre une palette aromatique douce et fruit\u00e9e, [&hellip;]<\/p>\n","protected":false},"author":3,"featured_media":1684,"comment_status":"open","ping_status":"open","sticky":false,"template":"","format":"standard","meta":{"slim_seo":{"title":"Le pommeau du Maine, l'ap\u00e9ritif des vergers - Semaine F\u00e9d\u00e9rale Cyclotourisme 2026 - Ch\u00e2teau-Gontier sur Mayenne","description":"Le Pommeau du Maine : l\u2019ap\u00e9ritif des vergers Envie d\u2019une pause qui sent bon les pommiers ? Le Pommeau du Maine, reconnu AOC depuis 2009 , raconte \u00e0 lui seul l\u2019h"},"footnotes":""},"categories":[64],"tags":[],"class_list":["post-1676","post","type-post","status-publish","format-standard","has-post-thumbnail","hentry","category-gastronomie"],"_links":{"self":[{"href":"https:\/\/semaine-federale.ffvelo.fr\/2026\/wp-json\/wp\/v2\/posts\/1676","targetHints":{"allow":["GET"]}}],"collection":[{"href":"https:\/\/semaine-federale.ffvelo.fr\/2026\/wp-json\/wp\/v2\/posts"}],"about":[{"href":"https:\/\/semaine-federale.ffvelo.fr\/2026\/wp-json\/wp\/v2\/types\/post"}],"author":[{"embeddable":true,"href":"https:\/\/semaine-federale.ffvelo.fr\/2026\/wp-json\/wp\/v2\/users\/3"}],"replies":[{"embeddable":true,"href":"https:\/\/semaine-federale.ffvelo.fr\/2026\/wp-json\/wp\/v2\/comments?post=1676"}],"version-history":[{"count":5,"href":"https:\/\/semaine-federale.ffvelo.fr\/2026\/wp-json\/wp\/v2\/posts\/1676\/revisions"}],"predecessor-version":[{"id":1690,"href":"https:\/\/semaine-federale.ffvelo.fr\/2026\/wp-json\/wp\/v2\/posts\/1676\/revisions\/1690"}],"wp:featuredmedia":[{"embeddable":true,"href":"https:\/\/semaine-federale.ffvelo.fr\/2026\/wp-json\/wp\/v2\/media\/1684"}],"wp:attachment":[{"href":"https:\/\/semaine-federale.ffvelo.fr\/2026\/wp-json\/wp\/v2\/media?parent=1676"}],"wp:term":[{"taxonomy":"category","embeddable":true,"href":"https:\/\/semaine-federale.ffvelo.fr\/2026\/wp-json\/wp\/v2\/categories?post=1676"},{"taxonomy":"post_tag","embeddable":true,"href":"https:\/\/semaine-federale.ffvelo.fr\/2026\/wp-json\/wp\/v2\/tags?post=1676"}],"curies":[{"name":"wp","href":"https:\/\/api.w.org\/{rel}","templated":true}]}}