{"id":1680,"date":"2026-03-02T13:46:37","date_gmt":"2026-03-02T12:46:37","guid":{"rendered":"https:\/\/semaine-federale.ffvelo.fr\/2026\/?p=1680"},"modified":"2026-03-31T09:22:23","modified_gmt":"2026-03-31T07:22:23","slug":"le-dolmen-de-mire","status":"publish","type":"post","link":"https:\/\/semaine-federale.ffvelo.fr\/2026\/blog\/a-decouvrir\/le-dolmen-de-mire\/","title":{"rendered":"Le Dolmen de Mir\u00e9"},"content":{"rendered":"\n<div class=\"wp-block-cover alignfull is-light wp-elements-63676d218a0a296a46d55d830f796727\" style=\"margin-bottom:var(--wp--preset--spacing--50);padding-top:var(--wp--preset--spacing--70);padding-bottom:var(--wp--preset--spacing--70);min-height:264px;aspect-ratio:unset;\"><img loading=\"lazy\" decoding=\"async\" width=\"170\" height=\"123\" class=\"wp-block-cover__image-background wp-image-1681 size-full\" alt=\"\" src=\"https:\/\/semaine-federale.ffvelo.fr\/2026\/wp-content\/uploads\/sites\/3\/2026\/02\/Mire.png\" data-object-fit=\"cover\" \/><span aria-hidden=\"true\" class=\"wp-block-cover__background has-beige-background-color has-background-dim-60 has-background-dim\"><\/span><div class=\"wp-block-cover__inner-container has-global-padding is-layout-constrained wp-block-cover-is-layout-constrained\">\n<div class=\"wp-block-group has-global-padding is-content-justification-left is-layout-constrained wp-container-core-group-is-layout-12dd3699 wp-block-group-is-layout-constrained\"><h1 class=\"has-text-align-center wp-block-post-title\">Le Dolmen de Mir\u00e9<\/h1><\/div>\n<\/div><\/div>\n\n\n\n<p><strong>Le Dolmen de Mir\u00e9<\/strong><\/p>\n\n\n\n<p><strong>C\u2019est sans conteste le monument le plus ancien de la commune, on le trouve \u00e0 une centaine de m\u00e8tres de la sortie du bourg, tout pr\u00e8s de la route, en direction de Sabl\u00e9 sur Sarthe.<\/strong><\/p>\n\n\n\n<p>Cet autel druidique du <em>n\u00e9olithique moyen, <\/em>a \u00e9t\u00e9 <strong>\u00e9rig\u00e9 environ 4000 ans avant notre \u00e8re<\/strong>, tourn\u00e9 vers l\u2019ouest comme il se doit. Il est compos\u00e9 d\u2019une dalle horizontale de forme irr\u00e9guli\u00e8re pos\u00e9e sur trois pierres verticales, le tout en gr\u00e8s ros\u00e9 pouvant provenir d\u2019une carri\u00e8re \u00e0 proximit\u00e9 (colline de la Juguerie).<\/p>\n\n\n\n<p>On l\u2019appelle encore <em><strong>maison des f\u00e9es<\/strong><\/em>.<\/p>\n\n\n\n<p>La pierre horizontale offre plusieurs cavit\u00e9s dont une assez grande pour contenir un corps humain et une autre plus petite et profonde, qui semble dispos\u00e9e pour recueillir le sang de la victime. Ce qui confirme bien la croyance que ces autels gaulois \u00e9taient des lieux de s\u00e9pulture mais \u00e9galement le th\u00e9\u00e2tre de sacrifices sanglants\u2026<\/p>\n","protected":false},"excerpt":{"rendered":"<p>Le Dolmen de Mir\u00e9 C\u2019est sans conteste le monument le plus ancien de la commune, on le trouve \u00e0 une centaine de m\u00e8tres de la sortie du bourg, tout pr\u00e8s de la route, en direction de Sabl\u00e9 sur Sarthe. Cet autel druidique du n\u00e9olithique moyen, a \u00e9t\u00e9 \u00e9rig\u00e9 environ 4000 ans avant notre \u00e8re, tourn\u00e9 [&hellip;]<\/p>\n","protected":false},"author":3,"featured_media":1681,"comment_status":"open","ping_status":"open","sticky":false,"template":"","format":"standard","meta":{"slim_seo":{"title":"Le Dolmen de Mir\u00e9 - Semaine F\u00e9d\u00e9rale Cyclotourisme 2026 - Ch\u00e2teau-Gontier sur Mayenne","description":"Le Dolmen de Mir\u00e9 C\u2019est sans conteste le monument le plus ancien de la commune, on le trouve \u00e0 une centaine de m\u00e8tres de la sortie du bourg, tout pr\u00e8s de la rou"},"footnotes":""},"categories":[65],"tags":[],"class_list":["post-1680","post","type-post","status-publish","format-standard","has-post-thumbnail","hentry","category-a-decouvrir"],"_links":{"self":[{"href":"https:\/\/semaine-federale.ffvelo.fr\/2026\/wp-json\/wp\/v2\/posts\/1680","targetHints":{"allow":["GET"]}}],"collection":[{"href":"https:\/\/semaine-federale.ffvelo.fr\/2026\/wp-json\/wp\/v2\/posts"}],"about":[{"href":"https:\/\/semaine-federale.ffvelo.fr\/2026\/wp-json\/wp\/v2\/types\/post"}],"author":[{"embeddable":true,"href":"https:\/\/semaine-federale.ffvelo.fr\/2026\/wp-json\/wp\/v2\/users\/3"}],"replies":[{"embeddable":true,"href":"https:\/\/semaine-federale.ffvelo.fr\/2026\/wp-json\/wp\/v2\/comments?post=1680"}],"version-history":[{"count":8,"href":"https:\/\/semaine-federale.ffvelo.fr\/2026\/wp-json\/wp\/v2\/posts\/1680\/revisions"}],"predecessor-version":[{"id":1704,"href":"https:\/\/semaine-federale.ffvelo.fr\/2026\/wp-json\/wp\/v2\/posts\/1680\/revisions\/1704"}],"wp:featuredmedia":[{"embeddable":true,"href":"https:\/\/semaine-federale.ffvelo.fr\/2026\/wp-json\/wp\/v2\/media\/1681"}],"wp:attachment":[{"href":"https:\/\/semaine-federale.ffvelo.fr\/2026\/wp-json\/wp\/v2\/media?parent=1680"}],"wp:term":[{"taxonomy":"category","embeddable":true,"href":"https:\/\/semaine-federale.ffvelo.fr\/2026\/wp-json\/wp\/v2\/categories?post=1680"},{"taxonomy":"post_tag","embeddable":true,"href":"https:\/\/semaine-federale.ffvelo.fr\/2026\/wp-json\/wp\/v2\/tags?post=1680"}],"curies":[{"name":"wp","href":"https:\/\/api.w.org\/{rel}","templated":true}]}}