{"id":1719,"date":"2026-03-10T17:51:22","date_gmt":"2026-03-10T16:51:22","guid":{"rendered":"https:\/\/semaine-federale.ffvelo.fr\/2026\/?p=1719"},"modified":"2026-03-31T09:20:55","modified_gmt":"2026-03-31T07:20:55","slug":"la-mayenne-a-pied-lautre-aventure-de-la-semaine-federale","status":"publish","type":"post","link":"https:\/\/semaine-federale.ffvelo.fr\/2026\/blog\/portraits\/la-mayenne-a-pied-lautre-aventure-de-la-semaine-federale\/","title":{"rendered":"La Mayenne \u00e0 pied\u00a0: l\u2019autre aventure de la Semaine f\u00e9d\u00e9rale"},"content":{"rendered":"\n<div class=\"wp-block-cover alignfull is-light wp-elements-c99f5141cf6a50d2a080b65cb78aa599\" style=\"margin-bottom:var(--wp--preset--spacing--50);padding-top:var(--wp--preset--spacing--70);padding-bottom:var(--wp--preset--spacing--70)\"><img loading=\"lazy\" decoding=\"async\" width=\"688\" height=\"459\" class=\"wp-block-cover__image-background wp-image-1720 size-full\" alt=\"\" src=\"https:\/\/semaine-federale.ffvelo.fr\/2026\/wp-content\/uploads\/sites\/3\/2026\/03\/marcheurs.jpg\" style=\"object-position:54% 45%\" data-object-fit=\"cover\" data-object-position=\"54% 45%\" srcset=\"https:\/\/semaine-federale.ffvelo.fr\/2026\/wp-content\/uploads\/sites\/3\/2026\/03\/marcheurs.jpg 688w, https:\/\/semaine-federale.ffvelo.fr\/2026\/wp-content\/uploads\/sites\/3\/2026\/03\/marcheurs-300x200.jpg 300w\" sizes=\"auto, (max-width: 688px) 100vw, 688px\" \/><span aria-hidden=\"true\" class=\"wp-block-cover__background has-beige-background-color has-background-dim-60 has-background-dim\"><\/span><div class=\"wp-block-cover__inner-container has-global-padding is-layout-constrained wp-block-cover-is-layout-constrained\">\n<div class=\"wp-block-group has-global-padding is-content-justification-left is-layout-constrained wp-container-core-group-is-layout-12dd3699 wp-block-group-is-layout-constrained\"><h1 class=\"has-text-align-center wp-block-post-title\">La Mayenne \u00e0 pied\u00a0: l\u2019autre aventure de la Semaine f\u00e9d\u00e9rale<\/h1><\/div>\n<\/div><\/div>\n\n\n\n<p>Dans le cadre du festival international du cyclotourisme, organis\u00e9 du 2 au 9&nbsp;ao\u00fbt \u00e0 Ch\u00e2teau-Gontier, deux associations locales ont pris en charge l\u2019organisation des randonn\u00e9es. En bleu, l\u2019association Mil\u2019Pat et en rouge&nbsp;; la retraite sportive. De gauche \u00e0 droite&nbsp;: Patrice Guillet, licenci\u00e9, Jean-Claude G\u00e9min et Michel Rolet, pr\u00e9sidents, Marcel Aligon charg\u00e9 de la section marche.&nbsp;<\/p>\n\n\n\n<p>Pendant que les cyclotouristes avaleront les kilom\u00e8tres sur leurs deux roues, d\u2019autres pr\u00e9f\u00e9reront avancer\u2026 Un pas apr\u00e8s l\u2019autre. Bonne nouvelle&nbsp;: pendant le festival international de cyclotourisme, <strong>les accompagnateurs et amateurs de marche auront aussi leurs parcours<\/strong>. Entre halage de la Mayenne, chemins ombrag\u00e9s et bocage vallonn\u00e9, <strong>plusieurs randonn\u00e9es de 12 \u00e0 20&nbsp;km<\/strong> permettront de d\u00e9couvrir le territoire autrement. Sans v\u00e9lo, certes\u2026 Mais avec de bons mollets et de jolis paysages \u00e0 la cl\u00e9.<\/p>\n\n\n\n<p>\u00c0 l\u2019occasion du festival international du cyclotourisme, organis\u00e9 du 2 au 9 ao\u00fbt \u00e0 Ch\u00e2teau-Gontier-sur-Mayenne, plusieurs circuits de randonn\u00e9e seront propos\u00e9s aux accompagnateurs et aux visiteurs qui souhaitent d\u00e9couvrir la r\u00e9gion autrement. Sans braquet, sans d\u00e9railleur\u2026 mais avec de bons mollets.<\/p>\n\n\n\n<p>Pour imaginer ces parcours, les organisateurs ont fait appel \u00e0 deux associations locales de randonneurs : Les Mil\u2019Pat et La Retraite Sportive. Des b\u00e9n\u00e9voles qui connaissent les chemins du territoire comme leurs poches.<\/p>\n\n\n\n<p>\u00ab Les copr\u00e9sidents du festival nous ont dit : la marche, ce n\u2019est pas trop notre truc, nous, on est plut\u00f4t deux roues\u2026 Est-ce que vous pouvez nous donner un coup de main ? \u00bb, raconte en souriant Jean-Claude G\u00e9min, pr\u00e9sident de la Retraite sportive.&nbsp;\u00ab \u00c9videmment, on a dit oui ! \u00bb<\/p>\n\n\n\n<p><strong>Des circuits pens\u00e9s pour la Semaine f\u00e9d\u00e9rale<\/strong><\/p>\n\n\n\n<p>Les deux clubs ont donc uni leurs forces pour pr\u00e9parer plusieurs randonn\u00e9es de 12 \u00e0 20 km, sp\u00e9cialement con\u00e7ues pour la semaine.&nbsp;\u00ab Nous avons identifi\u00e9 les <strong>circuits en lien avec ceux des cyclistes afin d\u2019utiliser les m\u00eames points d\u2019accueil et de ravitaillement<\/strong> \u00bb, explique Jean-Claude G\u00e9min. Autrement dit : pendant que certains rempliront leurs bidons, d\u2019autres referont le plein\u2026 de marche.<\/p>\n\n\n\n<p><strong>Halage, bocage et jolis d\u00e9tours<\/strong><\/p>\n\n\n\n<p>C\u00f4t\u00e9 paysages, la Mayenne sait y faire. Les randonneurs emprunteront voies vertes, chemins creux, sous-bois ombrag\u00e9s et bien s\u00fbr le c\u00e9l\u00e8bre chemin de halage, o\u00f9 les \u00e9cluses fleuries ponctuent la balade.\u00ab Sans organiser de visites \u00e0 proprement parler, nous avons tout de m\u00eame rep\u00e9r\u00e9 quelques points d\u2019int\u00e9r\u00eat : des ch\u00e2teaux, des sites remarquables\u2026 histoire d\u2019ouvrir l\u2019\u0153il en marchant \u00bb, sourit Michel Rolet, pr\u00e9sident des Mil\u2019Pat.<\/p>\n\n\n\n<p><strong>Des circuits test\u00e9s\u2026 et approuv\u00e9s par les mollets<\/strong><\/p>\n\n\n\n<p>Une trentaine d\u2019animateurs seront mobilis\u00e9s pour encadrer les groupes. Et pas d\u2019improvisation :&nbsp;\u00ab Tous les circuits ont \u00e9t\u00e9 reconnus en amont, il n\u2019y aura pas de surprise \u00bb, assure Michel Rolet.Les d\u00e9parts se feront depuis le parc Saint-Fiacre, c\u0153ur du village de la Semaine f\u00e9d\u00e9rale. <strong>Pour certains parcours plus \u00e9loign\u00e9s, des bus permettront de rejoindre les points de d\u00e9part<\/strong>.<\/p>\n\n\n\n<p>Seule petite contrainte : <strong>l\u2019inscription pr\u00e9alable est obligatoire, afin de ma\u00eetriser les effectifs<\/strong>.<\/p>\n\n\n\n<p>Les organisateurs restent \u00e9galement attentifs \u00e0 la m\u00e9t\u00e9o.&nbsp;\u00ab On surveillera surtout les fortes chaleurs. Si les conditions deviennent trop difficiles, on adaptera les parcours, voire on annulera certaines sorties \u00bb, pr\u00e9vient Jean-Claude G\u00e9min.<\/p>\n\n\n\n<p>Une chose est s\u00fbre : entre rivi\u00e8res, bocage et chemins ombrag\u00e9s, la Mayenne devrait offrir aux marcheurs une belle parenth\u00e8se nature.<\/p>\n\n\n\n<p><\/p>\n","protected":false},"excerpt":{"rendered":"<p>Dans le cadre du festival international du cyclotourisme, organis\u00e9 du 2 au 9&nbsp;ao\u00fbt \u00e0 Ch\u00e2teau-Gontier, deux associations locales ont pris en charge l\u2019organisation des randonn\u00e9es. En bleu, l\u2019association Mil\u2019Pat et en rouge&nbsp;; la retraite sportive. De gauche \u00e0 droite&nbsp;: Patrice Guillet, licenci\u00e9, Jean-Claude G\u00e9min et Michel Rolet, pr\u00e9sidents, Marcel Aligon charg\u00e9 de la section marche.&nbsp; [&hellip;]<\/p>\n","protected":false},"author":3,"featured_media":1720,"comment_status":"open","ping_status":"open","sticky":false,"template":"","format":"standard","meta":{"slim_seo":{"title":"La Mayenne \u00e0 pied\u00a0: l\u2019autre aventure de la Semaine f\u00e9d\u00e9rale - Semaine F\u00e9d\u00e9rale Cyclotourisme 2026 - Ch\u00e2teau-Gontier sur Mayenne","description":"Dans le cadre du festival international du cyclotourisme, organis\u00e9 du 2 au 9&nbsp;ao\u00fbt \u00e0 Ch\u00e2teau-Gontier, deux associations locales ont pris en charge l\u2019organis"},"footnotes":""},"categories":[63],"tags":[],"class_list":["post-1719","post","type-post","status-publish","format-standard","has-post-thumbnail","hentry","category-portraits"],"_links":{"self":[{"href":"https:\/\/semaine-federale.ffvelo.fr\/2026\/wp-json\/wp\/v2\/posts\/1719","targetHints":{"allow":["GET"]}}],"collection":[{"href":"https:\/\/semaine-federale.ffvelo.fr\/2026\/wp-json\/wp\/v2\/posts"}],"about":[{"href":"https:\/\/semaine-federale.ffvelo.fr\/2026\/wp-json\/wp\/v2\/types\/post"}],"author":[{"embeddable":true,"href":"https:\/\/semaine-federale.ffvelo.fr\/2026\/wp-json\/wp\/v2\/users\/3"}],"replies":[{"embeddable":true,"href":"https:\/\/semaine-federale.ffvelo.fr\/2026\/wp-json\/wp\/v2\/comments?post=1719"}],"version-history":[{"count":2,"href":"https:\/\/semaine-federale.ffvelo.fr\/2026\/wp-json\/wp\/v2\/posts\/1719\/revisions"}],"predecessor-version":[{"id":1731,"href":"https:\/\/semaine-federale.ffvelo.fr\/2026\/wp-json\/wp\/v2\/posts\/1719\/revisions\/1731"}],"wp:featuredmedia":[{"embeddable":true,"href":"https:\/\/semaine-federale.ffvelo.fr\/2026\/wp-json\/wp\/v2\/media\/1720"}],"wp:attachment":[{"href":"https:\/\/semaine-federale.ffvelo.fr\/2026\/wp-json\/wp\/v2\/media?parent=1719"}],"wp:term":[{"taxonomy":"category","embeddable":true,"href":"https:\/\/semaine-federale.ffvelo.fr\/2026\/wp-json\/wp\/v2\/categories?post=1719"},{"taxonomy":"post_tag","embeddable":true,"href":"https:\/\/semaine-federale.ffvelo.fr\/2026\/wp-json\/wp\/v2\/tags?post=1719"}],"curies":[{"name":"wp","href":"https:\/\/api.w.org\/{rel}","templated":true}]}}