{"id":1722,"date":"2026-03-25T17:55:54","date_gmt":"2026-03-25T16:55:54","guid":{"rendered":"https:\/\/semaine-federale.ffvelo.fr\/2026\/?p=1722"},"modified":"2026-03-31T09:21:36","modified_gmt":"2026-03-31T07:21:36","slug":"la-mine-bleue-visite-guidee-a-126m-sous-terre","status":"publish","type":"post","link":"https:\/\/semaine-federale.ffvelo.fr\/2026\/blog\/notre-territoire\/la-mine-bleue-visite-guidee-a-126m-sous-terre\/","title":{"rendered":"La mine Bleue, visite guid\u00e9e \u00e0 126m sous terre"},"content":{"rendered":"\n<div class=\"wp-block-cover alignfull is-light wp-elements-ad4fafecb18330ffee804058f4131985\" style=\"margin-bottom:var(--wp--preset--spacing--50);padding-top:var(--wp--preset--spacing--70);padding-bottom:var(--wp--preset--spacing--70)\"><img loading=\"lazy\" decoding=\"async\" width=\"352\" height=\"203\" class=\"wp-block-cover__image-background wp-image-1723 size-full\" alt=\"\" src=\"https:\/\/semaine-federale.ffvelo.fr\/2026\/wp-content\/uploads\/sites\/3\/2026\/03\/minebleue.png\" data-object-fit=\"cover\" srcset=\"https:\/\/semaine-federale.ffvelo.fr\/2026\/wp-content\/uploads\/sites\/3\/2026\/03\/minebleue.png 352w, https:\/\/semaine-federale.ffvelo.fr\/2026\/wp-content\/uploads\/sites\/3\/2026\/03\/minebleue-300x173.png 300w\" sizes=\"auto, (max-width: 352px) 100vw, 352px\" \/><span aria-hidden=\"true\" class=\"wp-block-cover__background has-beige-background-color has-background-dim-60 has-background-dim\"><\/span><div class=\"wp-block-cover__inner-container has-global-padding is-layout-constrained wp-block-cover-is-layout-constrained\">\n<div class=\"wp-block-group has-global-padding is-content-justification-left is-layout-constrained wp-container-core-group-is-layout-12dd3699 wp-block-group-is-layout-constrained\"><h1 class=\"has-text-align-center wp-block-post-title\">La mine Bleue, visite guid\u00e9e \u00e0 126m sous terre<\/h1><\/div>\n<\/div><\/div>\n\n\n\n<p>Site unique en Europe, la Mine bleue vous propose <strong>un moment inoubliable \u00e0 126 m\u00e8tres sous terre dans une authentique mine d\u2019ardoise !<\/strong><\/p>\n\n\n\n<p>En plein c\u0153ur de l\u2019ancien site minier, la visite guid\u00e9e dans les galeries et chambres d\u2019extraction vous invite \u00e0 un voyage insolite dans le pass\u00e9 pour d\u00e9couvrir l\u2019origine de l\u2019ardoise et ses techniques d\u2019exploitation.<\/p>\n\n\n\n<p>Le circuit de visite de la mine est principalement p\u00e9destre et comporte plusieurs escaliers, indissociables du parcours : comptez au total <strong>200 marches aller-retour\/mont\u00e9e-descente<\/strong>.<\/p>\n\n\n\n<p>\u00c9quip\u00e9s d\u2019un casque de s\u00e9curit\u00e9 et accompagn\u00e9s de votre guide, embarquez dans les ascenseurs pour une descente directe \u00e0&nbsp;126 m\u00e8tres sous terre&nbsp;!<\/p>\n\n\n\n<p>Au fond, d\u00e8s l\u2019ouverture des portes, la lumi\u00e8re s\u2019amenuise et vos yeux mettent quelques secondes \u00e0 s\u2019habituer \u00e0 cet environnement sombre.<\/p>\n\n\n\n<p><a><\/a>Sous vos pieds comme au-dessus de vos t\u00eates, l\u2019ardoise est omnipr\u00e9sente et le silence quasi total.<\/p>\n\n\n\n<p>Apr\u00e8s quelques minutes dans un petit train minier, vous voil\u00e0 arriv\u00e9s au c\u0153ur du site ardoisier : votre voyage dans le temps commence.<\/p>\n\n\n\n<p>Rest\u00e9e en l\u2019\u00e9tat depuis sa fermeture en 1936, cette ardoisi\u00e8re vous d\u00e9voile des&nbsp;chambres d\u2019extraction aux dimensions saisissantes&nbsp;pour y d\u00e9couvrir l\u2019origine de l\u2019ardoise, ses techniques d\u2019exploitation et plus largement, la vie des hommes qui ont extrait et remont\u00e9 la pierre bleue au d\u00e9but du&nbsp;20\u1d49 si\u00e8cle.<\/p>\n\n\n\n<p><\/p>\n","protected":false},"excerpt":{"rendered":"<p>Site unique en Europe, la Mine bleue vous propose un moment inoubliable \u00e0 126 m\u00e8tres sous terre dans une authentique mine d\u2019ardoise ! En plein c\u0153ur de l\u2019ancien site minier, la visite guid\u00e9e dans les galeries et chambres d\u2019extraction vous invite \u00e0 un voyage insolite dans le pass\u00e9 pour d\u00e9couvrir l\u2019origine de l\u2019ardoise et ses [&hellip;]<\/p>\n","protected":false},"author":3,"featured_media":1723,"comment_status":"open","ping_status":"open","sticky":false,"template":"","format":"standard","meta":{"slim_seo":{"title":"La mine Bleue, visite guid\u00e9e \u00e0 126m sous terre - Semaine F\u00e9d\u00e9rale Cyclotourisme 2026 - Ch\u00e2teau-Gontier sur Mayenne","description":"Site unique en Europe, la Mine bleue vous propose un moment inoubliable \u00e0 126 m\u00e8tres sous terre dans une authentique mine d\u2019ardoise ! En plein c\u0153ur de l\u2019ancien"},"footnotes":""},"categories":[65,16],"tags":[],"class_list":["post-1722","post","type-post","status-publish","format-standard","has-post-thumbnail","hentry","category-a-decouvrir","category-notre-territoire"],"_links":{"self":[{"href":"https:\/\/semaine-federale.ffvelo.fr\/2026\/wp-json\/wp\/v2\/posts\/1722","targetHints":{"allow":["GET"]}}],"collection":[{"href":"https:\/\/semaine-federale.ffvelo.fr\/2026\/wp-json\/wp\/v2\/posts"}],"about":[{"href":"https:\/\/semaine-federale.ffvelo.fr\/2026\/wp-json\/wp\/v2\/types\/post"}],"author":[{"embeddable":true,"href":"https:\/\/semaine-federale.ffvelo.fr\/2026\/wp-json\/wp\/v2\/users\/3"}],"replies":[{"embeddable":true,"href":"https:\/\/semaine-federale.ffvelo.fr\/2026\/wp-json\/wp\/v2\/comments?post=1722"}],"version-history":[{"count":1,"href":"https:\/\/semaine-federale.ffvelo.fr\/2026\/wp-json\/wp\/v2\/posts\/1722\/revisions"}],"predecessor-version":[{"id":1724,"href":"https:\/\/semaine-federale.ffvelo.fr\/2026\/wp-json\/wp\/v2\/posts\/1722\/revisions\/1724"}],"wp:featuredmedia":[{"embeddable":true,"href":"https:\/\/semaine-federale.ffvelo.fr\/2026\/wp-json\/wp\/v2\/media\/1723"}],"wp:attachment":[{"href":"https:\/\/semaine-federale.ffvelo.fr\/2026\/wp-json\/wp\/v2\/media?parent=1722"}],"wp:term":[{"taxonomy":"category","embeddable":true,"href":"https:\/\/semaine-federale.ffvelo.fr\/2026\/wp-json\/wp\/v2\/categories?post=1722"},{"taxonomy":"post_tag","embeddable":true,"href":"https:\/\/semaine-federale.ffvelo.fr\/2026\/wp-json\/wp\/v2\/tags?post=1722"}],"curies":[{"name":"wp","href":"https:\/\/api.w.org\/{rel}","templated":true}]}}