{"id":1725,"date":"2026-03-19T17:59:15","date_gmt":"2026-03-19T16:59:15","guid":{"rendered":"https:\/\/semaine-federale.ffvelo.fr\/2026\/?p=1725"},"modified":"2026-03-31T09:21:23","modified_gmt":"2026-03-31T07:21:23","slug":"le-safran-mayennais-lepice-inattendue","status":"publish","type":"post","link":"https:\/\/semaine-federale.ffvelo.fr\/2026\/blog\/gastronomie\/le-safran-mayennais-lepice-inattendue\/","title":{"rendered":"Le safran mayennais : l\u2019\u00e9pice inattendue"},"content":{"rendered":"\n<div class=\"wp-block-cover alignfull is-light wp-elements-8f1b0f444ddebf7df66c6b6ee35253ba\" style=\"margin-bottom:var(--wp--preset--spacing--50);padding-top:var(--wp--preset--spacing--70);padding-bottom:var(--wp--preset--spacing--70)\"><img loading=\"lazy\" decoding=\"async\" width=\"1024\" height=\"574\" class=\"wp-block-cover__image-background wp-image-1726 size-large\" alt=\"\" src=\"https:\/\/semaine-federale.ffvelo.fr\/2026\/wp-content\/uploads\/sites\/3\/2026\/03\/safran-1024x574.jpg\" data-object-fit=\"cover\" srcset=\"https:\/\/semaine-federale.ffvelo.fr\/2026\/wp-content\/uploads\/sites\/3\/2026\/03\/safran-1024x574.jpg 1024w, https:\/\/semaine-federale.ffvelo.fr\/2026\/wp-content\/uploads\/sites\/3\/2026\/03\/safran-300x168.jpg 300w, https:\/\/semaine-federale.ffvelo.fr\/2026\/wp-content\/uploads\/sites\/3\/2026\/03\/safran-768x431.jpg 768w, https:\/\/semaine-federale.ffvelo.fr\/2026\/wp-content\/uploads\/sites\/3\/2026\/03\/safran-1536x861.jpg 1536w, https:\/\/semaine-federale.ffvelo.fr\/2026\/wp-content\/uploads\/sites\/3\/2026\/03\/safran-2048x1148.jpg 2048w\" sizes=\"auto, (max-width: 1024px) 100vw, 1024px\" \/><span aria-hidden=\"true\" class=\"wp-block-cover__background has-beige-background-color has-background-dim-60 has-background-dim\"><\/span><div class=\"wp-block-cover__inner-container has-global-padding is-layout-constrained wp-block-cover-is-layout-constrained\">\n<div class=\"wp-block-group has-global-padding is-content-justification-left is-layout-constrained wp-container-core-group-is-layout-12dd3699 wp-block-group-is-layout-constrained\"><h1 class=\"has-text-align-center wp-block-post-title\">Le safran mayennais : l\u2019\u00e9pice inattendue<\/h1><\/div>\n<\/div><\/div>\n\n\n\n<p><em>On l\u2019associe souvent \u00e0 l\u2019Iran ou \u00e0 l\u2019Espagne\u2026 et pourtant, <strong>la Mayenne cultive aussi du safran bio<\/strong>\u202f! Cette \u00e9pice rare et pr\u00e9cieuse pousse discr\u00e8tement dans un terroir inattendu.<\/em><\/p>\n\n\n\n<p><em>Une pinc\u00e9e suffit pour transformer un plat en exp\u00e9rience gastronomique. Pour les voyageurs \u00e0 v\u00e9lo, c\u2019est la d\u00e9couverte insolite\u202f: <strong>derri\u00e8re la simplicit\u00e9 des paysages se cachent des produits d\u2019exception<\/strong>. <\/em><\/p>\n\n\n\n<p><em>La Mayenne, terre humble\u2026 mais pleine de surprises.<\/em><\/p>\n\n\n\n<p><\/p>\n","protected":false},"excerpt":{"rendered":"<p>On l\u2019associe souvent \u00e0 l\u2019Iran ou \u00e0 l\u2019Espagne\u2026 et pourtant, la Mayenne cultive aussi du safran bio\u202f! Cette \u00e9pice rare et pr\u00e9cieuse pousse discr\u00e8tement dans un terroir inattendu. Une pinc\u00e9e suffit pour transformer un plat en exp\u00e9rience gastronomique. Pour les voyageurs \u00e0 v\u00e9lo, c\u2019est la d\u00e9couverte insolite\u202f: derri\u00e8re la simplicit\u00e9 des paysages se cachent des [&hellip;]<\/p>\n","protected":false},"author":3,"featured_media":1726,"comment_status":"open","ping_status":"open","sticky":false,"template":"","format":"standard","meta":{"slim_seo":{"title":"Le safran mayennais : l\u2019\u00e9pice inattendue - Semaine F\u00e9d\u00e9rale Cyclotourisme 2026 - Ch\u00e2teau-Gontier sur Mayenne","description":"On l\u2019associe souvent \u00e0 l\u2019Iran ou \u00e0 l\u2019Espagne\u2026 et pourtant, la Mayenne cultive aussi du safran bio \u202f! Cette \u00e9pice rare et pr\u00e9cieuse pousse discr\u00e8tement dans un t"},"footnotes":""},"categories":[64],"tags":[],"class_list":["post-1725","post","type-post","status-publish","format-standard","has-post-thumbnail","hentry","category-gastronomie"],"_links":{"self":[{"href":"https:\/\/semaine-federale.ffvelo.fr\/2026\/wp-json\/wp\/v2\/posts\/1725","targetHints":{"allow":["GET"]}}],"collection":[{"href":"https:\/\/semaine-federale.ffvelo.fr\/2026\/wp-json\/wp\/v2\/posts"}],"about":[{"href":"https:\/\/semaine-federale.ffvelo.fr\/2026\/wp-json\/wp\/v2\/types\/post"}],"author":[{"embeddable":true,"href":"https:\/\/semaine-federale.ffvelo.fr\/2026\/wp-json\/wp\/v2\/users\/3"}],"replies":[{"embeddable":true,"href":"https:\/\/semaine-federale.ffvelo.fr\/2026\/wp-json\/wp\/v2\/comments?post=1725"}],"version-history":[{"count":1,"href":"https:\/\/semaine-federale.ffvelo.fr\/2026\/wp-json\/wp\/v2\/posts\/1725\/revisions"}],"predecessor-version":[{"id":1727,"href":"https:\/\/semaine-federale.ffvelo.fr\/2026\/wp-json\/wp\/v2\/posts\/1725\/revisions\/1727"}],"wp:featuredmedia":[{"embeddable":true,"href":"https:\/\/semaine-federale.ffvelo.fr\/2026\/wp-json\/wp\/v2\/media\/1726"}],"wp:attachment":[{"href":"https:\/\/semaine-federale.ffvelo.fr\/2026\/wp-json\/wp\/v2\/media?parent=1725"}],"wp:term":[{"taxonomy":"category","embeddable":true,"href":"https:\/\/semaine-federale.ffvelo.fr\/2026\/wp-json\/wp\/v2\/categories?post=1725"},{"taxonomy":"post_tag","embeddable":true,"href":"https:\/\/semaine-federale.ffvelo.fr\/2026\/wp-json\/wp\/v2\/tags?post=1725"}],"curies":[{"name":"wp","href":"https:\/\/api.w.org\/{rel}","templated":true}]}}