{"id":320,"date":"2025-11-14T16:55:32","date_gmt":"2025-11-14T15:55:32","guid":{"rendered":"https:\/\/semaine-federale.ffvelo.fr\/2026\/?p=320"},"modified":"2025-11-17T15:46:11","modified_gmt":"2025-11-17T14:46:11","slug":"halage-velo-francette","status":"publish","type":"post","link":"https:\/\/semaine-federale.ffvelo.fr\/2026\/blog\/la-semaine-federale\/halage-velo-francette\/","title":{"rendered":"Halage &amp; V\u00e9lo Francette\u00ae"},"content":{"rendered":"\n<div class=\"wp-block-cover alignfull is-light wp-elements-844720ab92bb8014877be4f1c37171b3\" style=\"margin-bottom:var(--wp--preset--spacing--50);padding-top:var(--wp--preset--spacing--70);padding-bottom:var(--wp--preset--spacing--70)\"><img loading=\"lazy\" decoding=\"async\" width=\"1024\" height=\"618\" class=\"wp-block-cover__image-background wp-image-78 size-large\" alt=\"\" src=\"https:\/\/semaine-federale.ffvelo.fr\/2026\/wp-content\/uploads\/sites\/3\/2025\/07\/sf2025-cyclistes-1024x618.webp\" data-object-fit=\"cover\" srcset=\"https:\/\/semaine-federale.ffvelo.fr\/2026\/wp-content\/uploads\/sites\/3\/2025\/07\/sf2025-cyclistes-1024x618.webp 1024w, https:\/\/semaine-federale.ffvelo.fr\/2026\/wp-content\/uploads\/sites\/3\/2025\/07\/sf2025-cyclistes-300x181.webp 300w, https:\/\/semaine-federale.ffvelo.fr\/2026\/wp-content\/uploads\/sites\/3\/2025\/07\/sf2025-cyclistes-768x463.webp 768w, https:\/\/semaine-federale.ffvelo.fr\/2026\/wp-content\/uploads\/sites\/3\/2025\/07\/sf2025-cyclistes-1536x927.webp 1536w, https:\/\/semaine-federale.ffvelo.fr\/2026\/wp-content\/uploads\/sites\/3\/2025\/07\/sf2025-cyclistes-2048x1235.webp 2048w\" sizes=\"auto, (max-width: 1024px) 100vw, 1024px\" \/><span aria-hidden=\"true\" class=\"wp-block-cover__background has-beige-background-color has-background-dim-60 has-background-dim\"><\/span><div class=\"wp-block-cover__inner-container has-global-padding is-layout-constrained wp-block-cover-is-layout-constrained\">\n<div class=\"wp-block-group alignfull has-global-padding is-layout-constrained wp-block-group-is-layout-constrained\" style=\"padding-bottom:var(--wp--preset--spacing--40)\"><h1 class=\"has-text-align-center wp-block-post-title\">Halage &amp; V\u00e9lo Francette\u00ae<\/h1><\/div>\n<\/div><\/div>\n\n\n\n<p>Au fil de l\u2019eau, sur la <strong>V\u00e9lo Francette\u00ae<\/strong>, vous ne croiserez pas un moteur mais une atmosph\u00e8re empreinte de s\u00e9r\u00e9nit\u00e9 et de tranquillit\u00e9 le long de ce sentier de <strong>85 km<\/strong>.<br><br>Reliant Ouistreham \u00e0 La Rochelle, cet itin\u00e9raire de <strong>630 km<\/strong> permet de traverser le d\u00e9partement de la Mayenne en deux roues du nord au sud en toute libert\u00e9.<br><br>Ch\u00e2teaux, moulins, guinguettes au bord de l\u2019eau, artisans, producteurs locaux, villes d\u2019art, villages de charme, Petites Cit\u00e9s de Caract\u00e8res\u00ae\u2026se d\u00e9voileront \u00e0 vous au gr\u00e9 des <strong>maisons \u00e9clusi\u00e8res<\/strong> embl\u00e9matiques de notre territoire.<br><br>Partez \u00e0 la d\u00e9couverte de notre chemin de halage, <strong>v\u00e9ritable colonne vert\u00e9brale<\/strong> de notre territoire.<\/p>\n\n\n\n<div style=\"height:40px\" aria-hidden=\"true\" class=\"wp-block-spacer\"><\/div>\n","protected":false},"excerpt":{"rendered":"<p>Au fil de l\u2019eau, sur la V\u00e9lo Francette\u00ae, vous ne croiserez pas un moteur mais une atmosph\u00e8re empreinte de s\u00e9r\u00e9nit\u00e9 et de tranquillit\u00e9 le long de ce sentier de 85 km. Reliant Ouistreham \u00e0 La Rochelle, cet itin\u00e9raire de 630 km permet de traverser le d\u00e9partement de la Mayenne en deux roues du nord au [&hellip;]<\/p>\n","protected":false},"author":4,"featured_media":78,"comment_status":"open","ping_status":"open","sticky":false,"template":"","format":"standard","meta":{"slim_seo":{"title":"Halage &amp; V\u00e9lo Francette\u00ae - Semaine F\u00e9d\u00e9rale Cyclotourisme 2026 - Ch\u00e2teau-Gontier sur Mayenne","description":"Au fil de l\u2019eau, sur la V\u00e9lo Francette\u00ae , vous ne croiserez pas un moteur mais une atmosph\u00e8re empreinte de s\u00e9r\u00e9nit\u00e9 et de tranquillit\u00e9 le long de ce sentier de"},"footnotes":""},"categories":[15],"tags":[],"class_list":["post-320","post","type-post","status-publish","format-standard","has-post-thumbnail","hentry","category-la-semaine-federale"],"_links":{"self":[{"href":"https:\/\/semaine-federale.ffvelo.fr\/2026\/wp-json\/wp\/v2\/posts\/320","targetHints":{"allow":["GET"]}}],"collection":[{"href":"https:\/\/semaine-federale.ffvelo.fr\/2026\/wp-json\/wp\/v2\/posts"}],"about":[{"href":"https:\/\/semaine-federale.ffvelo.fr\/2026\/wp-json\/wp\/v2\/types\/post"}],"author":[{"embeddable":true,"href":"https:\/\/semaine-federale.ffvelo.fr\/2026\/wp-json\/wp\/v2\/users\/4"}],"replies":[{"embeddable":true,"href":"https:\/\/semaine-federale.ffvelo.fr\/2026\/wp-json\/wp\/v2\/comments?post=320"}],"version-history":[{"count":1,"href":"https:\/\/semaine-federale.ffvelo.fr\/2026\/wp-json\/wp\/v2\/posts\/320\/revisions"}],"predecessor-version":[{"id":321,"href":"https:\/\/semaine-federale.ffvelo.fr\/2026\/wp-json\/wp\/v2\/posts\/320\/revisions\/321"}],"wp:featuredmedia":[{"embeddable":true,"href":"https:\/\/semaine-federale.ffvelo.fr\/2026\/wp-json\/wp\/v2\/media\/78"}],"wp:attachment":[{"href":"https:\/\/semaine-federale.ffvelo.fr\/2026\/wp-json\/wp\/v2\/media?parent=320"}],"wp:term":[{"taxonomy":"category","embeddable":true,"href":"https:\/\/semaine-federale.ffvelo.fr\/2026\/wp-json\/wp\/v2\/categories?post=320"},{"taxonomy":"post_tag","embeddable":true,"href":"https:\/\/semaine-federale.ffvelo.fr\/2026\/wp-json\/wp\/v2\/tags?post=320"}],"curies":[{"name":"wp","href":"https:\/\/api.w.org\/{rel}","templated":true}]}}