{"id":323,"date":"2025-11-14T17:09:35","date_gmt":"2025-11-14T16:09:35","guid":{"rendered":"https:\/\/semaine-federale.ffvelo.fr\/2026\/?p=323"},"modified":"2025-11-17T15:46:26","modified_gmt":"2025-11-17T14:46:26","slug":"gastronomie-mayennaise","status":"publish","type":"post","link":"https:\/\/semaine-federale.ffvelo.fr\/2026\/blog\/notre-territoire\/gastronomie-mayennaise\/","title":{"rendered":"Gastronomie mayennaise"},"content":{"rendered":"\n<div class=\"wp-block-cover alignfull is-light wp-elements-31065669cc3880a4b0c813d6a9d4b21e\" style=\"margin-bottom:var(--wp--preset--spacing--50);padding-top:var(--wp--preset--spacing--70);padding-bottom:var(--wp--preset--spacing--70)\"><img loading=\"lazy\" decoding=\"async\" width=\"294\" height=\"171\" class=\"wp-block-cover__image-background wp-image-243 size-full\" alt=\"\" src=\"https:\/\/semaine-federale.ffvelo.fr\/2026\/wp-content\/uploads\/sites\/3\/2025\/11\/Reaute.jpeg\" data-object-fit=\"cover\" \/><span aria-hidden=\"true\" class=\"wp-block-cover__background has-beige-background-color has-background-dim-60 has-background-dim\"><\/span><div class=\"wp-block-cover__inner-container has-global-padding is-layout-constrained wp-block-cover-is-layout-constrained\">\n<div class=\"wp-block-group alignfull has-global-padding is-layout-constrained wp-block-group-is-layout-constrained\" style=\"padding-bottom:var(--wp--preset--spacing--40)\"><h1 class=\"has-text-align-center wp-block-post-title\">Gastronomie mayennaise<\/h1><\/div>\n<\/div><\/div>\n\n\n\n<div class=\"wp-block-columns is-layout-flex wp-container-core-columns-is-layout-28f84493 wp-block-columns-is-layout-flex\">\n<div class=\"wp-block-column is-layout-flow wp-block-column-is-layout-flow\">\n<figure class=\"wp-block-image size-large\"><img loading=\"lazy\" decoding=\"async\" width=\"1024\" height=\"772\" src=\"https:\/\/semaine-federale.ffvelo.fr\/2026\/wp-content\/uploads\/sites\/3\/2025\/11\/Vergers-de-la-Rouerie-3-1024x772.jpg\" alt=\"\" class=\"wp-image-328\" style=\"aspect-ratio:4\/3;object-fit:cover\" srcset=\"https:\/\/semaine-federale.ffvelo.fr\/2026\/wp-content\/uploads\/sites\/3\/2025\/11\/Vergers-de-la-Rouerie-3-1024x772.jpg 1024w, https:\/\/semaine-federale.ffvelo.fr\/2026\/wp-content\/uploads\/sites\/3\/2025\/11\/Vergers-de-la-Rouerie-3-300x226.jpg 300w, https:\/\/semaine-federale.ffvelo.fr\/2026\/wp-content\/uploads\/sites\/3\/2025\/11\/Vergers-de-la-Rouerie-3-768x579.jpg 768w, https:\/\/semaine-federale.ffvelo.fr\/2026\/wp-content\/uploads\/sites\/3\/2025\/11\/Vergers-de-la-Rouerie-3-1536x1158.jpg 1536w, https:\/\/semaine-federale.ffvelo.fr\/2026\/wp-content\/uploads\/sites\/3\/2025\/11\/Vergers-de-la-Rouerie-3-2048x1544.jpg 2048w\" sizes=\"auto, (max-width: 1024px) 100vw, 1024px\" \/><\/figure>\n<\/div>\n\n\n\n<div class=\"wp-block-column is-layout-flow wp-block-column-is-layout-flow\">\n<p class=\"has-blue-dark-color has-text-color has-link-color wp-elements-3c84d4b5476da86ec20f8f3c5191369e\">Les vergers mayennais offrent un abondance de pommes \u00e0 couteau, parfaites pour une pause fruit\u00e9e et rafra\u00eechissante.<br><br>Ces pommes cultiv\u00e9es avec passion sont \u00e0 l\u2019origine de jus de pomme, cidres et boissons traditionnelles qui accompagnent \u00e0 merveille les repas et les moments de convivialit\u00e9. La culture de la pomme est pr\u00e9gnante et se c\u00e9l\u00e8bre chaque ann\u00e9e lors de la f\u00eate du Cidre \u00e0 l\u2019H\u00f4tellerie de Fl\u00e9e.<br><br><em><strong>Les vergers de la rouerie<\/strong><\/em><\/p>\n<\/div>\n<\/div>\n\n\n\n<div class=\"wp-block-columns is-layout-flex wp-container-core-columns-is-layout-28f84493 wp-block-columns-is-layout-flex\">\n<div class=\"wp-block-column is-layout-flow wp-block-column-is-layout-flow\">\n<p class=\"has-blue-dark-color has-text-color has-link-color wp-elements-906e6fe4e813dd9960d7dcb944bd4ed3\">Parmi les tr\u00e9sors gastronomiques de la r\u00e9gion, les volailles se distinguent par leur saveur et leur qualit\u00e9 sup\u00e9rieure, \u00e9lev\u00e9es avec soins dans des conditions respectueuses de l\u2019environnement. <br><br>Les amateurs de viande seront \u00e9galement combl\u00e9s par le b\u0153uf r\u00e9put\u00e9 pour sa tendret\u00e9 et son go\u00fbt authentique, ainsi que par les agneaux dont la viande d\u00e9licate est pris\u00e9e par les fins gourmets.<br><br><em><strong>Restaurant la Casa<\/strong><\/em><\/p>\n<\/div>\n\n\n\n<div class=\"wp-block-column is-layout-flow wp-block-column-is-layout-flow\">\n<figure class=\"wp-block-image size-full\"><img loading=\"lazy\" decoding=\"async\" width=\"526\" height=\"397\" src=\"https:\/\/semaine-federale.ffvelo.fr\/2026\/wp-content\/uploads\/sites\/3\/2025\/11\/la-casa-1.jpg\" alt=\"\" class=\"wp-image-327\" style=\"aspect-ratio:4\/3;object-fit:cover\" srcset=\"https:\/\/semaine-federale.ffvelo.fr\/2026\/wp-content\/uploads\/sites\/3\/2025\/11\/la-casa-1.jpg 526w, https:\/\/semaine-federale.ffvelo.fr\/2026\/wp-content\/uploads\/sites\/3\/2025\/11\/la-casa-1-300x226.jpg 300w\" sizes=\"auto, (max-width: 526px) 100vw, 526px\" \/><\/figure>\n<\/div>\n<\/div>\n\n\n\n<div class=\"wp-block-columns is-layout-flex wp-container-core-columns-is-layout-28f84493 wp-block-columns-is-layout-flex\">\n<div class=\"wp-block-column is-layout-flow wp-block-column-is-layout-flow\">\n<figure class=\"wp-block-image size-large\"><img loading=\"lazy\" decoding=\"async\" width=\"1024\" height=\"683\" src=\"https:\/\/semaine-federale.ffvelo.fr\/2026\/wp-content\/uploads\/sites\/3\/2025\/11\/0001_Fromagerie_du_Haut_Anjou_-_04_mars_2022-1024x683.jpg\" alt=\"\" class=\"wp-image-325\" srcset=\"https:\/\/semaine-federale.ffvelo.fr\/2026\/wp-content\/uploads\/sites\/3\/2025\/11\/0001_Fromagerie_du_Haut_Anjou_-_04_mars_2022-1024x683.jpg 1024w, https:\/\/semaine-federale.ffvelo.fr\/2026\/wp-content\/uploads\/sites\/3\/2025\/11\/0001_Fromagerie_du_Haut_Anjou_-_04_mars_2022-300x200.jpg 300w, https:\/\/semaine-federale.ffvelo.fr\/2026\/wp-content\/uploads\/sites\/3\/2025\/11\/0001_Fromagerie_du_Haut_Anjou_-_04_mars_2022-768x512.jpg 768w, https:\/\/semaine-federale.ffvelo.fr\/2026\/wp-content\/uploads\/sites\/3\/2025\/11\/0001_Fromagerie_du_Haut_Anjou_-_04_mars_2022-1536x1025.jpg 1536w, https:\/\/semaine-federale.ffvelo.fr\/2026\/wp-content\/uploads\/sites\/3\/2025\/11\/0001_Fromagerie_du_Haut_Anjou_-_04_mars_2022-2048x1366.jpg 2048w\" sizes=\"auto, (max-width: 1024px) 100vw, 1024px\" \/><\/figure>\n<\/div>\n\n\n\n<div class=\"wp-block-column is-layout-flow wp-block-column-is-layout-flow\">\n<p class=\"has-blue-dark-color has-text-color has-link-color wp-elements-dda568cd19f107328867198ab09753e7\">La Mayenne, terre de tradition fromag\u00e8re, est r\u00e9put\u00e9e pour ses fromages tels que le Port-Salut, le Chamois d\u2019or, le Chauss\u00e9e aux Moines et le Bon Mayennais, ainsi que ses fromages fermiers comme le Cr\u00e9meux d\u2019Anjou ou l\u2019Entrammes.<br><br>Fromage au safran ou fromage au Cointreau, les artisans fromagers ne manquent pas d\u2019originalit\u00e9 en revisitant les sp\u00e9cialit\u00e9s locales.<br><br><em><strong>Fromagerie du Haut-Anjou<\/strong><\/em><\/p>\n<\/div>\n<\/div>\n\n\n\n<div style=\"height:40px\" aria-hidden=\"true\" class=\"wp-block-spacer\"><\/div>\n\n\n\n<p><\/p>\n","protected":false},"excerpt":{"rendered":"<p>Les vergers mayennais offrent un abondance de pommes \u00e0 couteau, parfaites pour une pause fruit\u00e9e et rafra\u00eechissante. Ces pommes cultiv\u00e9es avec passion sont \u00e0 l\u2019origine de jus de pomme, cidres et boissons traditionnelles qui accompagnent \u00e0 merveille les repas et les moments de convivialit\u00e9. La culture de la pomme est pr\u00e9gnante et se c\u00e9l\u00e8bre chaque [&hellip;]<\/p>\n","protected":false},"author":4,"featured_media":243,"comment_status":"open","ping_status":"open","sticky":false,"template":"","format":"standard","meta":{"slim_seo":{"title":"Gastronomie mayennaise - Semaine F\u00e9d\u00e9rale Cyclotourisme 2026 - Ch\u00e2teau-Gontier sur Mayenne","description":"Les vergers mayennais offrent un abondance de pommes \u00e0 couteau, parfaites pour une pause fruit\u00e9e et rafra\u00eechissante. Ces pommes cultiv\u00e9es avec passion sont \u00e0 l\u2019"},"footnotes":""},"categories":[16],"tags":[],"class_list":["post-323","post","type-post","status-publish","format-standard","has-post-thumbnail","hentry","category-notre-territoire"],"_links":{"self":[{"href":"https:\/\/semaine-federale.ffvelo.fr\/2026\/wp-json\/wp\/v2\/posts\/323","targetHints":{"allow":["GET"]}}],"collection":[{"href":"https:\/\/semaine-federale.ffvelo.fr\/2026\/wp-json\/wp\/v2\/posts"}],"about":[{"href":"https:\/\/semaine-federale.ffvelo.fr\/2026\/wp-json\/wp\/v2\/types\/post"}],"author":[{"embeddable":true,"href":"https:\/\/semaine-federale.ffvelo.fr\/2026\/wp-json\/wp\/v2\/users\/4"}],"replies":[{"embeddable":true,"href":"https:\/\/semaine-federale.ffvelo.fr\/2026\/wp-json\/wp\/v2\/comments?post=323"}],"version-history":[{"count":1,"href":"https:\/\/semaine-federale.ffvelo.fr\/2026\/wp-json\/wp\/v2\/posts\/323\/revisions"}],"predecessor-version":[{"id":329,"href":"https:\/\/semaine-federale.ffvelo.fr\/2026\/wp-json\/wp\/v2\/posts\/323\/revisions\/329"}],"wp:featuredmedia":[{"embeddable":true,"href":"https:\/\/semaine-federale.ffvelo.fr\/2026\/wp-json\/wp\/v2\/media\/243"}],"wp:attachment":[{"href":"https:\/\/semaine-federale.ffvelo.fr\/2026\/wp-json\/wp\/v2\/media?parent=323"}],"wp:term":[{"taxonomy":"category","embeddable":true,"href":"https:\/\/semaine-federale.ffvelo.fr\/2026\/wp-json\/wp\/v2\/categories?post=323"},{"taxonomy":"post_tag","embeddable":true,"href":"https:\/\/semaine-federale.ffvelo.fr\/2026\/wp-json\/wp\/v2\/tags?post=323"}],"curies":[{"name":"wp","href":"https:\/\/api.w.org\/{rel}","templated":true}]}}