{"id":330,"date":"2025-11-14T17:16:18","date_gmt":"2025-11-14T16:16:18","guid":{"rendered":"https:\/\/semaine-federale.ffvelo.fr\/2026\/?p=330"},"modified":"2025-11-17T15:46:38","modified_gmt":"2025-11-17T14:46:38","slug":"artisanat-mayennais","status":"publish","type":"post","link":"https:\/\/semaine-federale.ffvelo.fr\/2026\/blog\/notre-territoire\/artisanat-mayennais\/","title":{"rendered":"Artisanat mayennais"},"content":{"rendered":"\n<div class=\"wp-block-cover alignfull is-light wp-elements-c749c07ae6668343292865d8ee6d5cd7\" style=\"margin-bottom:var(--wp--preset--spacing--50);padding-top:var(--wp--preset--spacing--70);padding-bottom:var(--wp--preset--spacing--70)\"><img loading=\"lazy\" decoding=\"async\" width=\"1024\" height=\"576\" class=\"wp-block-cover__image-background wp-image-331 size-large\" alt=\"\" src=\"https:\/\/semaine-federale.ffvelo.fr\/2026\/wp-content\/uploads\/sites\/3\/2025\/11\/Coutellerie-du-Maine-Anjou-4-1024x576.png\" data-object-fit=\"cover\" srcset=\"https:\/\/semaine-federale.ffvelo.fr\/2026\/wp-content\/uploads\/sites\/3\/2025\/11\/Coutellerie-du-Maine-Anjou-4-1024x576.png 1024w, https:\/\/semaine-federale.ffvelo.fr\/2026\/wp-content\/uploads\/sites\/3\/2025\/11\/Coutellerie-du-Maine-Anjou-4-300x169.png 300w, https:\/\/semaine-federale.ffvelo.fr\/2026\/wp-content\/uploads\/sites\/3\/2025\/11\/Coutellerie-du-Maine-Anjou-4-768x432.png 768w, https:\/\/semaine-federale.ffvelo.fr\/2026\/wp-content\/uploads\/sites\/3\/2025\/11\/Coutellerie-du-Maine-Anjou-4-1536x864.png 1536w, https:\/\/semaine-federale.ffvelo.fr\/2026\/wp-content\/uploads\/sites\/3\/2025\/11\/Coutellerie-du-Maine-Anjou-4.png 1920w\" sizes=\"auto, (max-width: 1024px) 100vw, 1024px\" \/><span aria-hidden=\"true\" class=\"wp-block-cover__background has-beige-background-color has-background-dim-60 has-background-dim\"><\/span><div class=\"wp-block-cover__inner-container has-global-padding is-layout-constrained wp-block-cover-is-layout-constrained\">\n<div class=\"wp-block-group alignfull has-global-padding is-layout-constrained wp-block-group-is-layout-constrained\" style=\"padding-bottom:var(--wp--preset--spacing--40)\"><h1 class=\"has-text-align-center wp-block-post-title\">Artisanat mayennais<\/h1><\/div>\n<\/div><\/div>\n\n\n\n<p>Les <strong>artisans d\u2019art<\/strong> r\u00e9v\u00e8lent le g\u00e9nie des mati\u00e8res nobles, bois, terre, pierre, fer, cuir, tissus\u2026<br><br>Les passions se <strong>transmettent<\/strong> et se <strong>modernisent<\/strong>, les produits et cr\u00e9ations sont sans cesse renouvel\u00e9es et le savoir-faire mayennais est une fiert\u00e9 partag\u00e9e.<br><br>Le territoire compte de nombreux sites o\u00f9 peuvent s\u2019\u00e9panouir <strong>ateliers et talents<\/strong> : un monde de savoirs ouvert \u00e0 tous !<br><br>L\u2019occasion d\u2019aller \u00e0 la rencontre d\u2019hommes et de femmes <strong>passionn\u00e9s<\/strong> qui vivent leurs r\u00eaves et leurs ambitions.<br><br><strong>Stages<\/strong>,<strong> rencontres<\/strong> et <strong>transmissions<\/strong> de savoir-faire sont au programme tout au long de l\u2019ann\u00e9e pour apprendre aux c\u00f4t\u00e9s des artisans mayennais.<br><br><em><strong>Coutellerie du Maine Anjou<\/strong><\/em><\/p>\n\n\n\n<figure class=\"wp-block-image size-large\"><img loading=\"lazy\" decoding=\"async\" width=\"1024\" height=\"685\" src=\"https:\/\/semaine-federale.ffvelo.fr\/2026\/wp-content\/uploads\/sites\/3\/2025\/11\/Coutellerie-du-Maine-Anjou-3-1024x685.jpg\" alt=\"\" class=\"wp-image-332\" srcset=\"https:\/\/semaine-federale.ffvelo.fr\/2026\/wp-content\/uploads\/sites\/3\/2025\/11\/Coutellerie-du-Maine-Anjou-3-1024x685.jpg 1024w, https:\/\/semaine-federale.ffvelo.fr\/2026\/wp-content\/uploads\/sites\/3\/2025\/11\/Coutellerie-du-Maine-Anjou-3-300x201.jpg 300w, https:\/\/semaine-federale.ffvelo.fr\/2026\/wp-content\/uploads\/sites\/3\/2025\/11\/Coutellerie-du-Maine-Anjou-3-768x514.jpg 768w, https:\/\/semaine-federale.ffvelo.fr\/2026\/wp-content\/uploads\/sites\/3\/2025\/11\/Coutellerie-du-Maine-Anjou-3-1536x1028.jpg 1536w, https:\/\/semaine-federale.ffvelo.fr\/2026\/wp-content\/uploads\/sites\/3\/2025\/11\/Coutellerie-du-Maine-Anjou-3-2048x1371.jpg 2048w\" sizes=\"auto, (max-width: 1024px) 100vw, 1024px\" \/><\/figure>\n","protected":false},"excerpt":{"rendered":"<p>Les artisans d\u2019art r\u00e9v\u00e8lent le g\u00e9nie des mati\u00e8res nobles, bois, terre, pierre, fer, cuir, tissus\u2026 Les passions se transmettent et se modernisent, les produits et cr\u00e9ations sont sans cesse renouvel\u00e9es et le savoir-faire mayennais est une fiert\u00e9 partag\u00e9e. Le territoire compte de nombreux sites o\u00f9 peuvent s\u2019\u00e9panouir ateliers et talents : un monde de savoirs [&hellip;]<\/p>\n","protected":false},"author":4,"featured_media":331,"comment_status":"open","ping_status":"open","sticky":false,"template":"","format":"standard","meta":{"slim_seo":{"title":"Artisanat mayennais - Semaine F\u00e9d\u00e9rale Cyclotourisme 2026 - Ch\u00e2teau-Gontier sur Mayenne","description":"Les artisans d\u2019art r\u00e9v\u00e8lent le g\u00e9nie des mati\u00e8res nobles, bois, terre, pierre, fer, cuir, tissus\u2026 Les passions se transmettent et se modernisent , les produits"},"footnotes":""},"categories":[16],"tags":[],"class_list":["post-330","post","type-post","status-publish","format-standard","has-post-thumbnail","hentry","category-notre-territoire"],"_links":{"self":[{"href":"https:\/\/semaine-federale.ffvelo.fr\/2026\/wp-json\/wp\/v2\/posts\/330","targetHints":{"allow":["GET"]}}],"collection":[{"href":"https:\/\/semaine-federale.ffvelo.fr\/2026\/wp-json\/wp\/v2\/posts"}],"about":[{"href":"https:\/\/semaine-federale.ffvelo.fr\/2026\/wp-json\/wp\/v2\/types\/post"}],"author":[{"embeddable":true,"href":"https:\/\/semaine-federale.ffvelo.fr\/2026\/wp-json\/wp\/v2\/users\/4"}],"replies":[{"embeddable":true,"href":"https:\/\/semaine-federale.ffvelo.fr\/2026\/wp-json\/wp\/v2\/comments?post=330"}],"version-history":[{"count":2,"href":"https:\/\/semaine-federale.ffvelo.fr\/2026\/wp-json\/wp\/v2\/posts\/330\/revisions"}],"predecessor-version":[{"id":338,"href":"https:\/\/semaine-federale.ffvelo.fr\/2026\/wp-json\/wp\/v2\/posts\/330\/revisions\/338"}],"wp:featuredmedia":[{"embeddable":true,"href":"https:\/\/semaine-federale.ffvelo.fr\/2026\/wp-json\/wp\/v2\/media\/331"}],"wp:attachment":[{"href":"https:\/\/semaine-federale.ffvelo.fr\/2026\/wp-json\/wp\/v2\/media?parent=330"}],"wp:term":[{"taxonomy":"category","embeddable":true,"href":"https:\/\/semaine-federale.ffvelo.fr\/2026\/wp-json\/wp\/v2\/categories?post=330"},{"taxonomy":"post_tag","embeddable":true,"href":"https:\/\/semaine-federale.ffvelo.fr\/2026\/wp-json\/wp\/v2\/tags?post=330"}],"curies":[{"name":"wp","href":"https:\/\/api.w.org\/{rel}","templated":true}]}}