{"id":335,"date":"2025-11-14T17:16:52","date_gmt":"2025-11-14T16:16:52","guid":{"rendered":"https:\/\/semaine-federale.ffvelo.fr\/2026\/?p=335"},"modified":"2025-11-17T15:46:49","modified_gmt":"2025-11-17T14:46:49","slug":"activites-a-faire-en-mayenne-hors-velo","status":"publish","type":"post","link":"https:\/\/semaine-federale.ffvelo.fr\/2026\/blog\/notre-territoire\/activites-a-faire-en-mayenne-hors-velo\/","title":{"rendered":"Activit\u00e9s \u00e0 faire en Mayenne hors v\u00e9lo"},"content":{"rendered":"\n<div class=\"wp-block-cover alignfull is-light wp-elements-5ba28a00b23b9b4fcc7cf08bf6ba80f4\" style=\"margin-bottom:var(--wp--preset--spacing--50);padding-top:var(--wp--preset--spacing--70);padding-bottom:var(--wp--preset--spacing--70)\"><img loading=\"lazy\" decoding=\"async\" width=\"1024\" height=\"683\" class=\"wp-block-cover__image-background wp-image-262 size-large\" alt=\"\" src=\"https:\/\/semaine-federale.ffvelo.fr\/2026\/wp-content\/uploads\/sites\/3\/2025\/11\/Chateau-de-Craon-Alexandre-Lamoureux-18-.jpg-1024x683.jpg\" data-object-fit=\"cover\" srcset=\"https:\/\/semaine-federale.ffvelo.fr\/2026\/wp-content\/uploads\/sites\/3\/2025\/11\/Chateau-de-Craon-Alexandre-Lamoureux-18-.jpg-1024x683.jpg 1024w, https:\/\/semaine-federale.ffvelo.fr\/2026\/wp-content\/uploads\/sites\/3\/2025\/11\/Chateau-de-Craon-Alexandre-Lamoureux-18-.jpg-300x200.jpg 300w, https:\/\/semaine-federale.ffvelo.fr\/2026\/wp-content\/uploads\/sites\/3\/2025\/11\/Chateau-de-Craon-Alexandre-Lamoureux-18-.jpg-768x512.jpg 768w, https:\/\/semaine-federale.ffvelo.fr\/2026\/wp-content\/uploads\/sites\/3\/2025\/11\/Chateau-de-Craon-Alexandre-Lamoureux-18-.jpg-1536x1024.jpg 1536w, https:\/\/semaine-federale.ffvelo.fr\/2026\/wp-content\/uploads\/sites\/3\/2025\/11\/Chateau-de-Craon-Alexandre-Lamoureux-18-.jpg-2048x1366.jpg 2048w\" sizes=\"auto, (max-width: 1024px) 100vw, 1024px\" \/><span aria-hidden=\"true\" class=\"wp-block-cover__background has-beige-background-color has-background-dim-60 has-background-dim\"><\/span><div class=\"wp-block-cover__inner-container has-global-padding is-layout-constrained wp-block-cover-is-layout-constrained\">\n<div class=\"wp-block-group alignfull has-global-padding is-layout-constrained wp-block-group-is-layout-constrained\" style=\"padding-bottom:var(--wp--preset--spacing--40)\"><h1 class=\"has-text-align-center wp-block-post-title\">Activit\u00e9s \u00e0 faire en Mayenne hors v\u00e9lo<\/h1><\/div>\n<\/div><\/div>\n\n\n\n<p>La Mayenne rec\u00e8le de richesses et d\u2019un art de vivre unique. Sa nature pr\u00e9serv\u00e9e, ses rivi\u00e8res et ses lacs, son patrimoine d\u00e9fend l\u2019amour du vrai et le partage.<br><br>Prenez le temps de les d\u00e9couvrir :<br>          \u2022 La Cit\u00e9 m\u00e9di\u00e9vale de Sainte-Suzanne<br>          \u2022 Le Mus\u00e9e d\u2019arch\u00e9ologie de Jublains<br>          \u2022 La Cit\u00e9 du Lait \u00e0 Laval\u2026<br><br>Que vous soyez \u00e0 l\u2019aise comme un poisson dans l\u2019eau, ou pr\u00e9f\u00e9riez le plancher des vaches, la Mayenne vous offre \u00e9galement une multitude de terrains de jeux : bases de loisirs, ski nautique et wake board, bou\u00e9e tract\u00e9e, cano\u00ebs, kayak, paddle, bateaux \u00e0 p\u00e9dales, p\u00eache, swin golf, multi golf\u2026<\/p>\n\n\n\n<div style=\"height:40px\" aria-hidden=\"true\" class=\"wp-block-spacer\"><\/div>\n","protected":false},"excerpt":{"rendered":"<p>La Mayenne rec\u00e8le de richesses et d\u2019un art de vivre unique. Sa nature pr\u00e9serv\u00e9e, ses rivi\u00e8res et ses lacs, son patrimoine d\u00e9fend l\u2019amour du vrai et le partage. Prenez le temps de les d\u00e9couvrir : \u2022 La Cit\u00e9 m\u00e9di\u00e9vale de Sainte-Suzanne \u2022 Le Mus\u00e9e d\u2019arch\u00e9ologie de Jublains \u2022 La Cit\u00e9 du Lait \u00e0 Laval\u2026 Que [&hellip;]<\/p>\n","protected":false},"author":4,"featured_media":262,"comment_status":"open","ping_status":"open","sticky":false,"template":"","format":"standard","meta":{"slim_seo":{"title":"Activit\u00e9s \u00e0 faire en Mayenne hors v\u00e9lo - Semaine F\u00e9d\u00e9rale Cyclotourisme 2026 - Ch\u00e2teau-Gontier sur Mayenne","description":"La Mayenne rec\u00e8le de richesses et d\u2019un art de vivre unique. Sa nature pr\u00e9serv\u00e9e, ses rivi\u00e8res et ses lacs, son patrimoine d\u00e9fend l\u2019amour du vrai et le partage."},"footnotes":""},"categories":[16],"tags":[],"class_list":["post-335","post","type-post","status-publish","format-standard","has-post-thumbnail","hentry","category-notre-territoire"],"_links":{"self":[{"href":"https:\/\/semaine-federale.ffvelo.fr\/2026\/wp-json\/wp\/v2\/posts\/335","targetHints":{"allow":["GET"]}}],"collection":[{"href":"https:\/\/semaine-federale.ffvelo.fr\/2026\/wp-json\/wp\/v2\/posts"}],"about":[{"href":"https:\/\/semaine-federale.ffvelo.fr\/2026\/wp-json\/wp\/v2\/types\/post"}],"author":[{"embeddable":true,"href":"https:\/\/semaine-federale.ffvelo.fr\/2026\/wp-json\/wp\/v2\/users\/4"}],"replies":[{"embeddable":true,"href":"https:\/\/semaine-federale.ffvelo.fr\/2026\/wp-json\/wp\/v2\/comments?post=335"}],"version-history":[{"count":3,"href":"https:\/\/semaine-federale.ffvelo.fr\/2026\/wp-json\/wp\/v2\/posts\/335\/revisions"}],"predecessor-version":[{"id":340,"href":"https:\/\/semaine-federale.ffvelo.fr\/2026\/wp-json\/wp\/v2\/posts\/335\/revisions\/340"}],"wp:featuredmedia":[{"embeddable":true,"href":"https:\/\/semaine-federale.ffvelo.fr\/2026\/wp-json\/wp\/v2\/media\/262"}],"wp:attachment":[{"href":"https:\/\/semaine-federale.ffvelo.fr\/2026\/wp-json\/wp\/v2\/media?parent=335"}],"wp:term":[{"taxonomy":"category","embeddable":true,"href":"https:\/\/semaine-federale.ffvelo.fr\/2026\/wp-json\/wp\/v2\/categories?post=335"},{"taxonomy":"post_tag","embeddable":true,"href":"https:\/\/semaine-federale.ffvelo.fr\/2026\/wp-json\/wp\/v2\/tags?post=335"}],"curies":[{"name":"wp","href":"https:\/\/api.w.org\/{rel}","templated":true}]}}