{"id":8,"date":"2025-07-03T17:00:00","date_gmt":"2025-07-03T15:00:00","guid":{"rendered":"https:\/\/semaine-federale.ffvelo.fr\/2026-prod\/?p=8"},"modified":"2025-11-14T16:56:27","modified_gmt":"2025-11-14T15:56:27","slug":"journee-mondiale-de-lenvironnement","status":"publish","type":"post","link":"https:\/\/semaine-federale.ffvelo.fr\/2026\/blog\/la-vie-du-club\/journee-mondiale-de-lenvironnement\/","title":{"rendered":"Journ\u00e9e mondiale de l&rsquo;environnement !"},"content":{"rendered":"\n<div class=\"wp-block-cover alignfull is-light wp-elements-2886802160f5d5e22140def07f917915\" style=\"margin-bottom:var(--wp--preset--spacing--50);padding-top:var(--wp--preset--spacing--70);padding-bottom:var(--wp--preset--spacing--70)\"><span aria-hidden=\"true\" class=\"wp-block-cover__background has-beige-background-color has-background-dim-60 has-background-dim\"><\/span><img loading=\"lazy\" decoding=\"async\" width=\"2160\" height=\"1440\" src=\"https:\/\/semaine-federale.ffvelo.fr\/2026\/wp-content\/uploads\/sites\/3\/2025\/07\/Sainte-Suzanne.webp\" class=\"wp-block-cover__image-background wp-post-image\" alt=\"Sainte suzanne\" data-object-fit=\"cover\" data-object-position=\"50% 70%\" style=\"object-position:50% 70%;\" srcset=\"https:\/\/semaine-federale.ffvelo.fr\/2026\/wp-content\/uploads\/sites\/3\/2025\/07\/Sainte-Suzanne.webp 2160w, https:\/\/semaine-federale.ffvelo.fr\/2026\/wp-content\/uploads\/sites\/3\/2025\/07\/Sainte-Suzanne-300x200.webp 300w, https:\/\/semaine-federale.ffvelo.fr\/2026\/wp-content\/uploads\/sites\/3\/2025\/07\/Sainte-Suzanne-1024x683.webp 1024w, https:\/\/semaine-federale.ffvelo.fr\/2026\/wp-content\/uploads\/sites\/3\/2025\/07\/Sainte-Suzanne-768x512.webp 768w, https:\/\/semaine-federale.ffvelo.fr\/2026\/wp-content\/uploads\/sites\/3\/2025\/07\/Sainte-Suzanne-1536x1024.webp 1536w, https:\/\/semaine-federale.ffvelo.fr\/2026\/wp-content\/uploads\/sites\/3\/2025\/07\/Sainte-Suzanne-2048x1365.webp 2048w\" sizes=\"auto, (max-width: 2160px) 100vw, 2160px\" \/><div class=\"wp-block-cover__inner-container has-global-padding is-layout-constrained wp-block-cover-is-layout-constrained\">\n<div class=\"wp-block-group alignfull has-global-padding is-layout-constrained wp-block-group-is-layout-constrained\" style=\"padding-bottom:var(--wp--preset--spacing--40)\"><h1 class=\"has-text-align-center wp-block-post-title\">Journ\u00e9e mondiale de l&rsquo;environnement !<\/h1><\/div>\n<\/div><\/div>\n\n\n\n<p>La journ\u00e9e mondiale de l\u2019environnement est pr\u00e9sente pour tous nous rappeler qu\u2019il est important de prendre soin de notre environnement.<\/p>\n\n\n\n<p>Le v\u00e9lo, l\u2019alternative parfaite pour r\u00e9duire son impact ! Un petit geste au quotidien et un grand pas pour notre plan\u00e8te.<\/p>\n\n\n\n<p>Le festival du cyclotourisme, c\u2019est aussi la promotion de l\u2019utilisation du v\u00e9lo et donc de cette attention particuli\u00e8re port\u00e9e \u00e0 l\u2019environnement.<\/p>\n\n\n\n<p>Nous vous attendons nombreux munis de vos v\u00e9los, vos casques et vos gourdes pour d\u00e9couvrir notre magnifique territoire \u00e0 travers diff\u00e9rents circuits.<\/p>\n\n\n\n<div style=\"height:40px\" aria-hidden=\"true\" class=\"wp-block-spacer\"><\/div>\n","protected":false},"excerpt":{"rendered":"<p>La journ\u00e9e mondiale de l\u2019environnement est pr\u00e9sente pour tous nous rappeler qu\u2019il est important de prendre soin de notre environnement. Le v\u00e9lo, l\u2019alternative parfaite pour r\u00e9duire son impact ! Un petit geste au quotidien et un grand pas pour notre plan\u00e8te. Le festival du cyclotourisme, c\u2019est aussi la promotion de l\u2019utilisation du v\u00e9lo et donc [&hellip;]<\/p>\n","protected":false},"author":2,"featured_media":20,"comment_status":"open","ping_status":"open","sticky":false,"template":"","format":"standard","meta":{"slim_seo":{"title":"Journ\u00e9e mondiale de l'environnement ! - Semaine F\u00e9d\u00e9rale Cyclotourisme 2026 - Ch\u00e2teau-Gontier sur Mayenne","description":"La journ\u00e9e mondiale de l\u2019environnement est pr\u00e9sente pour tous nous rappeler qu\u2019il est important de prendre soin de notre environnement. Le v\u00e9lo, l\u2019alternative p"},"footnotes":""},"categories":[1],"tags":[],"class_list":["post-8","post","type-post","status-publish","format-standard","has-post-thumbnail","hentry","category-la-vie-du-club"],"_links":{"self":[{"href":"https:\/\/semaine-federale.ffvelo.fr\/2026\/wp-json\/wp\/v2\/posts\/8","targetHints":{"allow":["GET"]}}],"collection":[{"href":"https:\/\/semaine-federale.ffvelo.fr\/2026\/wp-json\/wp\/v2\/posts"}],"about":[{"href":"https:\/\/semaine-federale.ffvelo.fr\/2026\/wp-json\/wp\/v2\/types\/post"}],"author":[{"embeddable":true,"href":"https:\/\/semaine-federale.ffvelo.fr\/2026\/wp-json\/wp\/v2\/users\/2"}],"replies":[{"embeddable":true,"href":"https:\/\/semaine-federale.ffvelo.fr\/2026\/wp-json\/wp\/v2\/comments?post=8"}],"version-history":[{"count":2,"href":"https:\/\/semaine-federale.ffvelo.fr\/2026\/wp-json\/wp\/v2\/posts\/8\/revisions"}],"predecessor-version":[{"id":322,"href":"https:\/\/semaine-federale.ffvelo.fr\/2026\/wp-json\/wp\/v2\/posts\/8\/revisions\/322"}],"wp:featuredmedia":[{"embeddable":true,"href":"https:\/\/semaine-federale.ffvelo.fr\/2026\/wp-json\/wp\/v2\/media\/20"}],"wp:attachment":[{"href":"https:\/\/semaine-federale.ffvelo.fr\/2026\/wp-json\/wp\/v2\/media?parent=8"}],"wp:term":[{"taxonomy":"category","embeddable":true,"href":"https:\/\/semaine-federale.ffvelo.fr\/2026\/wp-json\/wp\/v2\/categories?post=8"},{"taxonomy":"post_tag","embeddable":true,"href":"https:\/\/semaine-federale.ffvelo.fr\/2026\/wp-json\/wp\/v2\/tags?post=8"}],"curies":[{"name":"wp","href":"https:\/\/api.w.org\/{rel}","templated":true}]}}